{"id":6660,"date":"2026-04-29T21:33:08","date_gmt":"2026-04-29T19:33:08","guid":{"rendered":"https:\/\/www.friedenskirche.de\/?p=6660"},"modified":"2026-04-29T22:00:27","modified_gmt":"2026-04-29T20:00:27","slug":"stein-auf-stein-stein-auf-stein","status":"publish","type":"post","link":"https:\/\/www.friedenskirche.de\/index.php\/2026\/04\/29\/stein-auf-stein-stein-auf-stein\/","title":{"rendered":"Stein auf Stein, Stein auf Stein&#8230;"},"content":{"rendered":"<p>Wer will flei\u00dfige Handwerker sehen? Der muss unseren Kirchenneubau sehen!<\/p>\n<p>Die ersten Steine wurden Ende letzter Woche angeliefert &#8230;<\/p>\n<p><img decoding=\"async\" class=\"lazyload alignnone size-large wp-image-6661\" src=\"https:\/\/www.friedenskirche.de\/wp-content\/uploads\/2026\/04\/IMG_9208-1024x768.jpeg\" data-orig-src=\"https:\/\/www.friedenskirche.de\/wp-content\/uploads\/2026\/04\/IMG_9208-1024x768.jpeg\" alt=\"\" width=\"1024\" height=\"768\" srcset=\"data:image\/svg+xml,%3Csvg%20xmlns%3D%27http%3A%2F%2Fwww.w3.org%2F2000%2Fsvg%27%20width%3D%271024%27%20height%3D%27768%27%20viewBox%3D%270%200%201024%20768%27%3E%3Crect%20width%3D%271024%27%20height%3D%27768%27%20fill-opacity%3D%220%22%2F%3E%3C%2Fsvg%3E\" data-srcset=\"https:\/\/www.friedenskirche.de\/wp-content\/uploads\/2026\/04\/IMG_9208-200x150.jpeg 200w, https:\/\/www.friedenskirche.de\/wp-content\/uploads\/2026\/04\/IMG_9208-300x225.jpeg 300w, https:\/\/www.friedenskirche.de\/wp-content\/uploads\/2026\/04\/IMG_9208-400x300.jpeg 400w, https:\/\/www.friedenskirche.de\/wp-content\/uploads\/2026\/04\/IMG_9208-600x450.jpeg 600w, https:\/\/www.friedenskirche.de\/wp-content\/uploads\/2026\/04\/IMG_9208-768x576.jpeg 768w, https:\/\/www.friedenskirche.de\/wp-content\/uploads\/2026\/04\/IMG_9208-800x600.jpeg 800w, https:\/\/www.friedenskirche.de\/wp-content\/uploads\/2026\/04\/IMG_9208-1024x768.jpeg 1024w, https:\/\/www.friedenskirche.de\/wp-content\/uploads\/2026\/04\/IMG_9208-1200x900.jpeg 1200w, https:\/\/www.friedenskirche.de\/wp-content\/uploads\/2026\/04\/IMG_9208-1536x1152.jpeg 1536w\" data-sizes=\"auto\" data-orig-sizes=\"(max-width: 1024px) 100vw, 1024px\" \/><\/p>\n<p><img decoding=\"async\" class=\"lazyload alignnone size-large wp-image-6662\" src=\"https:\/\/www.friedenskirche.de\/wp-content\/uploads\/2026\/04\/IMG_9227-768x1024.jpeg\" data-orig-src=\"https:\/\/www.friedenskirche.de\/wp-content\/uploads\/2026\/04\/IMG_9227-768x1024.jpeg\" alt=\"\" width=\"768\" height=\"1024\" srcset=\"data:image\/svg+xml,%3Csvg%20xmlns%3D%27http%3A%2F%2Fwww.w3.org%2F2000%2Fsvg%27%20width%3D%27768%27%20height%3D%271024%27%20viewBox%3D%270%200%20768%201024%27%3E%3Crect%20width%3D%27768%27%20height%3D%271024%27%20fill-opacity%3D%220%22%2F%3E%3C%2Fsvg%3E\" data-srcset=\"https:\/\/www.friedenskirche.de\/wp-content\/uploads\/2026\/04\/IMG_9227-200x267.jpeg 200w, https:\/\/www.friedenskirche.de\/wp-content\/uploads\/2026\/04\/IMG_9227-225x300.jpeg 225w, https:\/\/www.friedenskirche.de\/wp-content\/uploads\/2026\/04\/IMG_9227-400x533.jpeg 400w, https:\/\/www.friedenskirche.de\/wp-content\/uploads\/2026\/04\/IMG_9227-600x800.jpeg 600w, https:\/\/www.friedenskirche.de\/wp-content\/uploads\/2026\/04\/IMG_9227-768x1024.jpeg 768w, https:\/\/www.friedenskirche.de\/wp-content\/uploads\/2026\/04\/IMG_9227-800x1067.jpeg 800w, https:\/\/www.friedenskirche.de\/wp-content\/uploads\/2026\/04\/IMG_9227-1152x1536.jpeg 1152w, https:\/\/www.friedenskirche.de\/wp-content\/uploads\/2026\/04\/IMG_9227-1200x1600.jpeg 1200w, https:\/\/www.friedenskirche.de\/wp-content\/uploads\/2026\/04\/IMG_9227-1536x2048.jpeg 1536w, https:\/\/www.friedenskirche.de\/wp-content\/uploads\/2026\/04\/IMG_9227-scaled.jpeg 1920w\" data-sizes=\"auto\" data-orig-sizes=\"(max-width: 768px) 100vw, 768px\" \/><\/p>\n<p>Details zum Ziegel (42,5 cm St\u00e4rke) unter:<\/p>\n<p>https:\/\/hoerl-hartmann.de\/wp-content\/uploads\/2021\/12\/CORISO-System_HoerlHarmann_20211222.pdf<\/p>\n<p>&nbsp;<\/p>\n<p>&#8230; und seither wird flei\u00dfig gemauert. Gestern Abend standen bereits die ersten Mauerreihen entlang des Privatweges und bei den Sanit\u00e4ranlagen &#8230;<\/p>\n<p><img decoding=\"async\" class=\"lazyload alignnone size-large wp-image-6663\" src=\"https:\/\/www.friedenskirche.de\/wp-content\/uploads\/2026\/04\/IMG_9239-1024x539.jpeg\" data-orig-src=\"https:\/\/www.friedenskirche.de\/wp-content\/uploads\/2026\/04\/IMG_9239-1024x539.jpeg\" alt=\"\" width=\"1024\" height=\"539\" srcset=\"data:image\/svg+xml,%3Csvg%20xmlns%3D%27http%3A%2F%2Fwww.w3.org%2F2000%2Fsvg%27%20width%3D%271024%27%20height%3D%27539%27%20viewBox%3D%270%200%201024%20539%27%3E%3Crect%20width%3D%271024%27%20height%3D%27539%27%20fill-opacity%3D%220%22%2F%3E%3C%2Fsvg%3E\" data-srcset=\"https:\/\/www.friedenskirche.de\/wp-content\/uploads\/2026\/04\/IMG_9239-200x105.jpeg 200w, https:\/\/www.friedenskirche.de\/wp-content\/uploads\/2026\/04\/IMG_9239-300x158.jpeg 300w, https:\/\/www.friedenskirche.de\/wp-content\/uploads\/2026\/04\/IMG_9239-400x210.jpeg 400w, https:\/\/www.friedenskirche.de\/wp-content\/uploads\/2026\/04\/IMG_9239-600x316.jpeg 600w, https:\/\/www.friedenskirche.de\/wp-content\/uploads\/2026\/04\/IMG_9239-768x404.jpeg 768w, https:\/\/www.friedenskirche.de\/wp-content\/uploads\/2026\/04\/IMG_9239-800x421.jpeg 800w, https:\/\/www.friedenskirche.de\/wp-content\/uploads\/2026\/04\/IMG_9239-1024x539.jpeg 1024w, https:\/\/www.friedenskirche.de\/wp-content\/uploads\/2026\/04\/IMG_9239-1200x631.jpeg 1200w, https:\/\/www.friedenskirche.de\/wp-content\/uploads\/2026\/04\/IMG_9239-1536x808.jpeg 1536w\" data-sizes=\"auto\" data-orig-sizes=\"(max-width: 1024px) 100vw, 1024px\" \/><\/p>\n<p><img decoding=\"async\" class=\"lazyload alignnone size-large wp-image-6664\" src=\"https:\/\/www.friedenskirche.de\/wp-content\/uploads\/2026\/04\/IMG_9234-1024x768.jpeg\" data-orig-src=\"https:\/\/www.friedenskirche.de\/wp-content\/uploads\/2026\/04\/IMG_9234-1024x768.jpeg\" alt=\"\" width=\"1024\" height=\"768\" srcset=\"data:image\/svg+xml,%3Csvg%20xmlns%3D%27http%3A%2F%2Fwww.w3.org%2F2000%2Fsvg%27%20width%3D%271024%27%20height%3D%27768%27%20viewBox%3D%270%200%201024%20768%27%3E%3Crect%20width%3D%271024%27%20height%3D%27768%27%20fill-opacity%3D%220%22%2F%3E%3C%2Fsvg%3E\" data-srcset=\"https:\/\/www.friedenskirche.de\/wp-content\/uploads\/2026\/04\/IMG_9234-200x150.jpeg 200w, https:\/\/www.friedenskirche.de\/wp-content\/uploads\/2026\/04\/IMG_9234-300x225.jpeg 300w, https:\/\/www.friedenskirche.de\/wp-content\/uploads\/2026\/04\/IMG_9234-400x300.jpeg 400w, https:\/\/www.friedenskirche.de\/wp-content\/uploads\/2026\/04\/IMG_9234-600x450.jpeg 600w, https:\/\/www.friedenskirche.de\/wp-content\/uploads\/2026\/04\/IMG_9234-768x576.jpeg 768w, https:\/\/www.friedenskirche.de\/wp-content\/uploads\/2026\/04\/IMG_9234-800x600.jpeg 800w, https:\/\/www.friedenskirche.de\/wp-content\/uploads\/2026\/04\/IMG_9234-1024x768.jpeg 1024w, https:\/\/www.friedenskirche.de\/wp-content\/uploads\/2026\/04\/IMG_9234-1200x900.jpeg 1200w, https:\/\/www.friedenskirche.de\/wp-content\/uploads\/2026\/04\/IMG_9234-1536x1152.jpeg 1536w\" data-sizes=\"auto\" data-orig-sizes=\"(max-width: 1024px) 100vw, 1024px\" \/><\/p>\n<p><img decoding=\"async\" class=\"lazyload alignnone size-large wp-image-6665\" src=\"https:\/\/www.friedenskirche.de\/wp-content\/uploads\/2026\/04\/IMG_9230-1024x768.jpeg\" data-orig-src=\"https:\/\/www.friedenskirche.de\/wp-content\/uploads\/2026\/04\/IMG_9230-1024x768.jpeg\" alt=\"\" width=\"1024\" height=\"768\" srcset=\"data:image\/svg+xml,%3Csvg%20xmlns%3D%27http%3A%2F%2Fwww.w3.org%2F2000%2Fsvg%27%20width%3D%271024%27%20height%3D%27768%27%20viewBox%3D%270%200%201024%20768%27%3E%3Crect%20width%3D%271024%27%20height%3D%27768%27%20fill-opacity%3D%220%22%2F%3E%3C%2Fsvg%3E\" data-srcset=\"https:\/\/www.friedenskirche.de\/wp-content\/uploads\/2026\/04\/IMG_9230-200x150.jpeg 200w, https:\/\/www.friedenskirche.de\/wp-content\/uploads\/2026\/04\/IMG_9230-300x225.jpeg 300w, https:\/\/www.friedenskirche.de\/wp-content\/uploads\/2026\/04\/IMG_9230-400x300.jpeg 400w, https:\/\/www.friedenskirche.de\/wp-content\/uploads\/2026\/04\/IMG_9230-600x450.jpeg 600w, https:\/\/www.friedenskirche.de\/wp-content\/uploads\/2026\/04\/IMG_9230-768x576.jpeg 768w, https:\/\/www.friedenskirche.de\/wp-content\/uploads\/2026\/04\/IMG_9230-800x600.jpeg 800w, https:\/\/www.friedenskirche.de\/wp-content\/uploads\/2026\/04\/IMG_9230-1024x768.jpeg 1024w, https:\/\/www.friedenskirche.de\/wp-content\/uploads\/2026\/04\/IMG_9230-1200x900.jpeg 1200w, https:\/\/www.friedenskirche.de\/wp-content\/uploads\/2026\/04\/IMG_9230-1536x1152.jpeg 1536w\" data-sizes=\"auto\" data-orig-sizes=\"(max-width: 1024px) 100vw, 1024px\" \/><\/p>\n<p>Und heute Abend sah es schon so aus &#8211; die gemauerte Zielh\u00f6he bei den Sanit\u00e4ranlagen ist erreicht und die Vorbereitungen f\u00fcr die Decke werden bereits durchgef\u00fchrt.<\/p>\n<p><img decoding=\"async\" class=\"lazyload alignnone size-large wp-image-6668\" src=\"https:\/\/www.friedenskirche.de\/wp-content\/uploads\/2026\/04\/IMG_9241-1024x768.jpeg\" data-orig-src=\"https:\/\/www.friedenskirche.de\/wp-content\/uploads\/2026\/04\/IMG_9241-1024x768.jpeg\" alt=\"\" width=\"1024\" height=\"768\" srcset=\"data:image\/svg+xml,%3Csvg%20xmlns%3D%27http%3A%2F%2Fwww.w3.org%2F2000%2Fsvg%27%20width%3D%271024%27%20height%3D%27768%27%20viewBox%3D%270%200%201024%20768%27%3E%3Crect%20width%3D%271024%27%20height%3D%27768%27%20fill-opacity%3D%220%22%2F%3E%3C%2Fsvg%3E\" data-srcset=\"https:\/\/www.friedenskirche.de\/wp-content\/uploads\/2026\/04\/IMG_9241-200x150.jpeg 200w, https:\/\/www.friedenskirche.de\/wp-content\/uploads\/2026\/04\/IMG_9241-300x225.jpeg 300w, https:\/\/www.friedenskirche.de\/wp-content\/uploads\/2026\/04\/IMG_9241-400x300.jpeg 400w, https:\/\/www.friedenskirche.de\/wp-content\/uploads\/2026\/04\/IMG_9241-600x450.jpeg 600w, https:\/\/www.friedenskirche.de\/wp-content\/uploads\/2026\/04\/IMG_9241-768x576.jpeg 768w, https:\/\/www.friedenskirche.de\/wp-content\/uploads\/2026\/04\/IMG_9241-800x600.jpeg 800w, https:\/\/www.friedenskirche.de\/wp-content\/uploads\/2026\/04\/IMG_9241-1024x768.jpeg 1024w, https:\/\/www.friedenskirche.de\/wp-content\/uploads\/2026\/04\/IMG_9241-1200x900.jpeg 1200w, https:\/\/www.friedenskirche.de\/wp-content\/uploads\/2026\/04\/IMG_9241-1536x1152.jpeg 1536w\" data-sizes=\"auto\" data-orig-sizes=\"(max-width: 1024px) 100vw, 1024px\" \/><\/p>\n<p><img decoding=\"async\" class=\"lazyload alignnone size-large wp-image-6667\" src=\"https:\/\/www.friedenskirche.de\/wp-content\/uploads\/2026\/04\/IMG_9239-1024x712.jpg\" data-orig-src=\"https:\/\/www.friedenskirche.de\/wp-content\/uploads\/2026\/04\/IMG_9239-1024x712.jpg\" alt=\"\" width=\"1024\" height=\"712\" srcset=\"data:image\/svg+xml,%3Csvg%20xmlns%3D%27http%3A%2F%2Fwww.w3.org%2F2000%2Fsvg%27%20width%3D%271024%27%20height%3D%27712%27%20viewBox%3D%270%200%201024%20712%27%3E%3Crect%20width%3D%271024%27%20height%3D%27712%27%20fill-opacity%3D%220%22%2F%3E%3C%2Fsvg%3E\" data-srcset=\"https:\/\/www.friedenskirche.de\/wp-content\/uploads\/2026\/04\/IMG_9239-200x139.jpg 200w, https:\/\/www.friedenskirche.de\/wp-content\/uploads\/2026\/04\/IMG_9239-300x209.jpg 300w, https:\/\/www.friedenskirche.de\/wp-content\/uploads\/2026\/04\/IMG_9239-400x278.jpg 400w, https:\/\/www.friedenskirche.de\/wp-content\/uploads\/2026\/04\/IMG_9239-600x417.jpg 600w, https:\/\/www.friedenskirche.de\/wp-content\/uploads\/2026\/04\/IMG_9239-768x534.jpg 768w, https:\/\/www.friedenskirche.de\/wp-content\/uploads\/2026\/04\/IMG_9239-800x556.jpg 800w, https:\/\/www.friedenskirche.de\/wp-content\/uploads\/2026\/04\/IMG_9239-1024x712.jpg 1024w, https:\/\/www.friedenskirche.de\/wp-content\/uploads\/2026\/04\/IMG_9239-1200x834.jpg 1200w, https:\/\/www.friedenskirche.de\/wp-content\/uploads\/2026\/04\/IMG_9239-1536x1068.jpg 1536w\" data-sizes=\"auto\" data-orig-sizes=\"(max-width: 1024px) 100vw, 1024px\" \/><\/p>\n<p>&nbsp;<\/p>\n","protected":false},"excerpt":{"rendered":"","protected":false},"author":17,"featured_media":6668,"comment_status":"closed","ping_status":"open","sticky":false,"template":"","format":"standard","meta":{"footnotes":""},"categories":[379],"tags":[],"class_list":["post-6660","post","type-post","status-publish","format-standard","has-post-thumbnail","hentry","category-bau"],"_links":{"self":[{"href":"https:\/\/www.friedenskirche.de\/index.php\/wp-json\/wp\/v2\/posts\/6660","targetHints":{"allow":["GET"]}}],"collection":[{"href":"https:\/\/www.friedenskirche.de\/index.php\/wp-json\/wp\/v2\/posts"}],"about":[{"href":"https:\/\/www.friedenskirche.de\/index.php\/wp-json\/wp\/v2\/types\/post"}],"author":[{"embeddable":true,"href":"https:\/\/www.friedenskirche.de\/index.php\/wp-json\/wp\/v2\/users\/17"}],"replies":[{"embeddable":true,"href":"https:\/\/www.friedenskirche.de\/index.php\/wp-json\/wp\/v2\/comments?post=6660"}],"version-history":[{"count":6,"href":"https:\/\/www.friedenskirche.de\/index.php\/wp-json\/wp\/v2\/posts\/6660\/revisions"}],"predecessor-version":[{"id":6675,"href":"https:\/\/www.friedenskirche.de\/index.php\/wp-json\/wp\/v2\/posts\/6660\/revisions\/6675"}],"wp:featuredmedia":[{"embeddable":true,"href":"https:\/\/www.friedenskirche.de\/index.php\/wp-json\/wp\/v2\/media\/6668"}],"wp:attachment":[{"href":"https:\/\/www.friedenskirche.de\/index.php\/wp-json\/wp\/v2\/media?parent=6660"}],"wp:term":[{"taxonomy":"category","embeddable":true,"href":"https:\/\/www.friedenskirche.de\/index.php\/wp-json\/wp\/v2\/categories?post=6660"},{"taxonomy":"post_tag","embeddable":true,"href":"https:\/\/www.friedenskirche.de\/index.php\/wp-json\/wp\/v2\/tags?post=6660"}],"curies":[{"name":"wp","href":"https:\/\/api.w.org\/{rel}","templated":true}]}}