{"id":6630,"date":"2026-04-08T08:58:02","date_gmt":"2026-04-08T06:58:02","guid":{"rendered":"https:\/\/www.friedenskirche.de\/?p=6630"},"modified":"2026-04-23T09:17:26","modified_gmt":"2026-04-23T07:17:26","slug":"die-ersten-waende-zur-kueche-und-sanitaeranlagen-werden-betoniert","status":"publish","type":"post","link":"https:\/\/www.friedenskirche.de\/index.php\/2026\/04\/08\/die-ersten-waende-zur-kueche-und-sanitaeranlagen-werden-betoniert\/","title":{"rendered":"Die ersten W\u00e4nde zur K\u00fcche und Sanit\u00e4ranlagen werden betoniert"},"content":{"rendered":"<p>Nachdem die Bodenplatte getrocknet ist, werden die ersten Massivbetonw\u00e4nde vorbereitet &#8230;<\/p>\n<p><img decoding=\"async\" class=\"lazyload alignnone size-large wp-image-6631\" src=\"https:\/\/www.friedenskirche.de\/wp-content\/uploads\/2026\/04\/IMG_8715-1024x677.jpg\" data-orig-src=\"https:\/\/www.friedenskirche.de\/wp-content\/uploads\/2026\/04\/IMG_8715-1024x677.jpg\" alt=\"\" width=\"1024\" height=\"677\" srcset=\"data:image\/svg+xml,%3Csvg%20xmlns%3D%27http%3A%2F%2Fwww.w3.org%2F2000%2Fsvg%27%20width%3D%271024%27%20height%3D%27677%27%20viewBox%3D%270%200%201024%20677%27%3E%3Crect%20width%3D%271024%27%20height%3D%27677%27%20fill-opacity%3D%220%22%2F%3E%3C%2Fsvg%3E\" data-srcset=\"https:\/\/www.friedenskirche.de\/wp-content\/uploads\/2026\/04\/IMG_8715-200x132.jpg 200w, https:\/\/www.friedenskirche.de\/wp-content\/uploads\/2026\/04\/IMG_8715-300x198.jpg 300w, https:\/\/www.friedenskirche.de\/wp-content\/uploads\/2026\/04\/IMG_8715-400x264.jpg 400w, https:\/\/www.friedenskirche.de\/wp-content\/uploads\/2026\/04\/IMG_8715-600x396.jpg 600w, https:\/\/www.friedenskirche.de\/wp-content\/uploads\/2026\/04\/IMG_8715-768x507.jpg 768w, https:\/\/www.friedenskirche.de\/wp-content\/uploads\/2026\/04\/IMG_8715-800x529.jpg 800w, https:\/\/www.friedenskirche.de\/wp-content\/uploads\/2026\/04\/IMG_8715-1024x677.jpg 1024w, https:\/\/www.friedenskirche.de\/wp-content\/uploads\/2026\/04\/IMG_8715-1200x793.jpg 1200w, https:\/\/www.friedenskirche.de\/wp-content\/uploads\/2026\/04\/IMG_8715-1536x1015.jpg 1536w\" data-sizes=\"auto\" data-orig-sizes=\"(max-width: 1024px) 100vw, 1024px\" \/><\/p>\n<p>&#8230; und Schalungen angebracht. Hier sieht man in die zuk\u00fcnftige K\u00fcche hinein.<\/p>\n<p><img decoding=\"async\" class=\"lazyload alignnone size-large wp-image-6632\" src=\"https:\/\/www.friedenskirche.de\/wp-content\/uploads\/2026\/04\/7589acfe-e221-481b-bb45-f303c666df99-1024x768.jpg\" data-orig-src=\"https:\/\/www.friedenskirche.de\/wp-content\/uploads\/2026\/04\/7589acfe-e221-481b-bb45-f303c666df99-1024x768.jpg\" alt=\"\" width=\"1024\" height=\"768\" srcset=\"data:image\/svg+xml,%3Csvg%20xmlns%3D%27http%3A%2F%2Fwww.w3.org%2F2000%2Fsvg%27%20width%3D%271024%27%20height%3D%27768%27%20viewBox%3D%270%200%201024%20768%27%3E%3Crect%20width%3D%271024%27%20height%3D%27768%27%20fill-opacity%3D%220%22%2F%3E%3C%2Fsvg%3E\" data-srcset=\"https:\/\/www.friedenskirche.de\/wp-content\/uploads\/2026\/04\/7589acfe-e221-481b-bb45-f303c666df99-200x150.jpg 200w, https:\/\/www.friedenskirche.de\/wp-content\/uploads\/2026\/04\/7589acfe-e221-481b-bb45-f303c666df99-300x225.jpg 300w, https:\/\/www.friedenskirche.de\/wp-content\/uploads\/2026\/04\/7589acfe-e221-481b-bb45-f303c666df99-400x300.jpg 400w, https:\/\/www.friedenskirche.de\/wp-content\/uploads\/2026\/04\/7589acfe-e221-481b-bb45-f303c666df99-600x450.jpg 600w, https:\/\/www.friedenskirche.de\/wp-content\/uploads\/2026\/04\/7589acfe-e221-481b-bb45-f303c666df99-768x576.jpg 768w, https:\/\/www.friedenskirche.de\/wp-content\/uploads\/2026\/04\/7589acfe-e221-481b-bb45-f303c666df99-800x600.jpg 800w, https:\/\/www.friedenskirche.de\/wp-content\/uploads\/2026\/04\/7589acfe-e221-481b-bb45-f303c666df99-1024x768.jpg 1024w, https:\/\/www.friedenskirche.de\/wp-content\/uploads\/2026\/04\/7589acfe-e221-481b-bb45-f303c666df99-1200x900.jpg 1200w, https:\/\/www.friedenskirche.de\/wp-content\/uploads\/2026\/04\/7589acfe-e221-481b-bb45-f303c666df99-1536x1152.jpg 1536w, https:\/\/www.friedenskirche.de\/wp-content\/uploads\/2026\/04\/7589acfe-e221-481b-bb45-f303c666df99.jpg 1600w\" data-sizes=\"auto\" data-orig-sizes=\"(max-width: 1024px) 100vw, 1024px\" \/><\/p>\n<p>Angrenzend an die K\u00fcche werden Richtung Doppelhaushh\u00e4lfte (rechts) Vorratsraum, Reinigungsraum, Flur und dann die Sanit\u00e4reinrichtungen sein.<\/p>\n<p><img decoding=\"async\" class=\"lazyload alignnone size-large wp-image-6633\" src=\"https:\/\/www.friedenskirche.de\/wp-content\/uploads\/2026\/04\/d7f2cfb3-5d72-487f-80fc-03df18e5440f-1024x767.jpg\" data-orig-src=\"https:\/\/www.friedenskirche.de\/wp-content\/uploads\/2026\/04\/d7f2cfb3-5d72-487f-80fc-03df18e5440f-1024x767.jpg\" alt=\"\" width=\"1024\" height=\"767\" srcset=\"data:image\/svg+xml,%3Csvg%20xmlns%3D%27http%3A%2F%2Fwww.w3.org%2F2000%2Fsvg%27%20width%3D%271024%27%20height%3D%27767%27%20viewBox%3D%270%200%201024%20767%27%3E%3Crect%20width%3D%271024%27%20height%3D%27767%27%20fill-opacity%3D%220%22%2F%3E%3C%2Fsvg%3E\" data-srcset=\"https:\/\/www.friedenskirche.de\/wp-content\/uploads\/2026\/04\/d7f2cfb3-5d72-487f-80fc-03df18e5440f-200x150.jpg 200w, https:\/\/www.friedenskirche.de\/wp-content\/uploads\/2026\/04\/d7f2cfb3-5d72-487f-80fc-03df18e5440f-300x225.jpg 300w, https:\/\/www.friedenskirche.de\/wp-content\/uploads\/2026\/04\/d7f2cfb3-5d72-487f-80fc-03df18e5440f-400x300.jpg 400w, https:\/\/www.friedenskirche.de\/wp-content\/uploads\/2026\/04\/d7f2cfb3-5d72-487f-80fc-03df18e5440f-600x450.jpg 600w, https:\/\/www.friedenskirche.de\/wp-content\/uploads\/2026\/04\/d7f2cfb3-5d72-487f-80fc-03df18e5440f-768x576.jpg 768w, https:\/\/www.friedenskirche.de\/wp-content\/uploads\/2026\/04\/d7f2cfb3-5d72-487f-80fc-03df18e5440f-800x600.jpg 800w, https:\/\/www.friedenskirche.de\/wp-content\/uploads\/2026\/04\/d7f2cfb3-5d72-487f-80fc-03df18e5440f-1024x767.jpg 1024w, https:\/\/www.friedenskirche.de\/wp-content\/uploads\/2026\/04\/d7f2cfb3-5d72-487f-80fc-03df18e5440f-1200x899.jpg 1200w, https:\/\/www.friedenskirche.de\/wp-content\/uploads\/2026\/04\/d7f2cfb3-5d72-487f-80fc-03df18e5440f-1536x1151.jpg 1536w, https:\/\/www.friedenskirche.de\/wp-content\/uploads\/2026\/04\/d7f2cfb3-5d72-487f-80fc-03df18e5440f.jpg 1600w\" data-sizes=\"auto\" data-orig-sizes=\"(max-width: 1024px) 100vw, 1024px\" \/><\/p>\n<p>T\u00fcren werden ausgespart und erste Elektroeinlegearbeiten gemacht.<\/p>\n<p><img decoding=\"async\" class=\"lazyload alignnone size-large wp-image-6634\" src=\"https:\/\/www.friedenskirche.de\/wp-content\/uploads\/2026\/04\/IMG_9032-1024x768.jpeg\" data-orig-src=\"https:\/\/www.friedenskirche.de\/wp-content\/uploads\/2026\/04\/IMG_9032-1024x768.jpeg\" alt=\"\" width=\"1024\" height=\"768\" srcset=\"data:image\/svg+xml,%3Csvg%20xmlns%3D%27http%3A%2F%2Fwww.w3.org%2F2000%2Fsvg%27%20width%3D%271024%27%20height%3D%27768%27%20viewBox%3D%270%200%201024%20768%27%3E%3Crect%20width%3D%271024%27%20height%3D%27768%27%20fill-opacity%3D%220%22%2F%3E%3C%2Fsvg%3E\" data-srcset=\"https:\/\/www.friedenskirche.de\/wp-content\/uploads\/2026\/04\/IMG_9032-200x150.jpeg 200w, https:\/\/www.friedenskirche.de\/wp-content\/uploads\/2026\/04\/IMG_9032-300x225.jpeg 300w, https:\/\/www.friedenskirche.de\/wp-content\/uploads\/2026\/04\/IMG_9032-400x300.jpeg 400w, https:\/\/www.friedenskirche.de\/wp-content\/uploads\/2026\/04\/IMG_9032-600x450.jpeg 600w, https:\/\/www.friedenskirche.de\/wp-content\/uploads\/2026\/04\/IMG_9032-768x576.jpeg 768w, https:\/\/www.friedenskirche.de\/wp-content\/uploads\/2026\/04\/IMG_9032-800x600.jpeg 800w, https:\/\/www.friedenskirche.de\/wp-content\/uploads\/2026\/04\/IMG_9032-1024x768.jpeg 1024w, https:\/\/www.friedenskirche.de\/wp-content\/uploads\/2026\/04\/IMG_9032-1200x900.jpeg 1200w, https:\/\/www.friedenskirche.de\/wp-content\/uploads\/2026\/04\/IMG_9032-1536x1152.jpeg 1536w\" data-sizes=\"auto\" data-orig-sizes=\"(max-width: 1024px) 100vw, 1024px\" \/><\/p>\n<p>Das unten stehende Bild ist aus den Sanit\u00e4ranlagen.<\/p>\n<p><img decoding=\"async\" class=\"lazyload alignnone size-large wp-image-6635\" src=\"https:\/\/www.friedenskirche.de\/wp-content\/uploads\/2026\/04\/IMG_9047-1024x768.jpeg\" data-orig-src=\"https:\/\/www.friedenskirche.de\/wp-content\/uploads\/2026\/04\/IMG_9047-1024x768.jpeg\" alt=\"\" width=\"1024\" height=\"768\" srcset=\"data:image\/svg+xml,%3Csvg%20xmlns%3D%27http%3A%2F%2Fwww.w3.org%2F2000%2Fsvg%27%20width%3D%271024%27%20height%3D%27768%27%20viewBox%3D%270%200%201024%20768%27%3E%3Crect%20width%3D%271024%27%20height%3D%27768%27%20fill-opacity%3D%220%22%2F%3E%3C%2Fsvg%3E\" data-srcset=\"https:\/\/www.friedenskirche.de\/wp-content\/uploads\/2026\/04\/IMG_9047-200x150.jpeg 200w, https:\/\/www.friedenskirche.de\/wp-content\/uploads\/2026\/04\/IMG_9047-300x225.jpeg 300w, https:\/\/www.friedenskirche.de\/wp-content\/uploads\/2026\/04\/IMG_9047-400x300.jpeg 400w, https:\/\/www.friedenskirche.de\/wp-content\/uploads\/2026\/04\/IMG_9047-600x450.jpeg 600w, https:\/\/www.friedenskirche.de\/wp-content\/uploads\/2026\/04\/IMG_9047-768x576.jpeg 768w, https:\/\/www.friedenskirche.de\/wp-content\/uploads\/2026\/04\/IMG_9047-800x600.jpeg 800w, https:\/\/www.friedenskirche.de\/wp-content\/uploads\/2026\/04\/IMG_9047-1024x768.jpeg 1024w, https:\/\/www.friedenskirche.de\/wp-content\/uploads\/2026\/04\/IMG_9047-1200x900.jpeg 1200w, https:\/\/www.friedenskirche.de\/wp-content\/uploads\/2026\/04\/IMG_9047-1536x1152.jpeg 1536w\" data-sizes=\"auto\" data-orig-sizes=\"(max-width: 1024px) 100vw, 1024px\" \/><\/p>\n<p><img decoding=\"async\" class=\"lazyload alignnone size-large wp-image-6636\" src=\"https:\/\/www.friedenskirche.de\/wp-content\/uploads\/2026\/04\/IMG_9045-1024x768.jpeg\" data-orig-src=\"https:\/\/www.friedenskirche.de\/wp-content\/uploads\/2026\/04\/IMG_9045-1024x768.jpeg\" alt=\"\" width=\"1024\" height=\"768\" srcset=\"data:image\/svg+xml,%3Csvg%20xmlns%3D%27http%3A%2F%2Fwww.w3.org%2F2000%2Fsvg%27%20width%3D%271024%27%20height%3D%27768%27%20viewBox%3D%270%200%201024%20768%27%3E%3Crect%20width%3D%271024%27%20height%3D%27768%27%20fill-opacity%3D%220%22%2F%3E%3C%2Fsvg%3E\" data-srcset=\"https:\/\/www.friedenskirche.de\/wp-content\/uploads\/2026\/04\/IMG_9045-200x150.jpeg 200w, https:\/\/www.friedenskirche.de\/wp-content\/uploads\/2026\/04\/IMG_9045-300x225.jpeg 300w, https:\/\/www.friedenskirche.de\/wp-content\/uploads\/2026\/04\/IMG_9045-400x300.jpeg 400w, https:\/\/www.friedenskirche.de\/wp-content\/uploads\/2026\/04\/IMG_9045-600x450.jpeg 600w, https:\/\/www.friedenskirche.de\/wp-content\/uploads\/2026\/04\/IMG_9045-768x576.jpeg 768w, https:\/\/www.friedenskirche.de\/wp-content\/uploads\/2026\/04\/IMG_9045-800x600.jpeg 800w, https:\/\/www.friedenskirche.de\/wp-content\/uploads\/2026\/04\/IMG_9045-1024x768.jpeg 1024w, https:\/\/www.friedenskirche.de\/wp-content\/uploads\/2026\/04\/IMG_9045-1200x900.jpeg 1200w, https:\/\/www.friedenskirche.de\/wp-content\/uploads\/2026\/04\/IMG_9045-1536x1152.jpeg 1536w\" data-sizes=\"auto\" data-orig-sizes=\"(max-width: 1024px) 100vw, 1024px\" \/><\/p>\n<p>Alles ist vorbereitet und somit kann betoniert werden!<\/p>\n<p><img decoding=\"async\" class=\"lazyload alignnone size-large wp-image-6637\" src=\"https:\/\/www.friedenskirche.de\/wp-content\/uploads\/2026\/04\/IMG_9058-1024x768.jpeg\" data-orig-src=\"https:\/\/www.friedenskirche.de\/wp-content\/uploads\/2026\/04\/IMG_9058-1024x768.jpeg\" alt=\"\" width=\"1024\" height=\"768\" srcset=\"data:image\/svg+xml,%3Csvg%20xmlns%3D%27http%3A%2F%2Fwww.w3.org%2F2000%2Fsvg%27%20width%3D%271024%27%20height%3D%27768%27%20viewBox%3D%270%200%201024%20768%27%3E%3Crect%20width%3D%271024%27%20height%3D%27768%27%20fill-opacity%3D%220%22%2F%3E%3C%2Fsvg%3E\" data-srcset=\"https:\/\/www.friedenskirche.de\/wp-content\/uploads\/2026\/04\/IMG_9058-200x150.jpeg 200w, https:\/\/www.friedenskirche.de\/wp-content\/uploads\/2026\/04\/IMG_9058-300x225.jpeg 300w, https:\/\/www.friedenskirche.de\/wp-content\/uploads\/2026\/04\/IMG_9058-400x300.jpeg 400w, https:\/\/www.friedenskirche.de\/wp-content\/uploads\/2026\/04\/IMG_9058-600x450.jpeg 600w, https:\/\/www.friedenskirche.de\/wp-content\/uploads\/2026\/04\/IMG_9058-768x576.jpeg 768w, https:\/\/www.friedenskirche.de\/wp-content\/uploads\/2026\/04\/IMG_9058-800x600.jpeg 800w, https:\/\/www.friedenskirche.de\/wp-content\/uploads\/2026\/04\/IMG_9058-1024x768.jpeg 1024w, https:\/\/www.friedenskirche.de\/wp-content\/uploads\/2026\/04\/IMG_9058-1200x900.jpeg 1200w, https:\/\/www.friedenskirche.de\/wp-content\/uploads\/2026\/04\/IMG_9058-1536x1152.jpeg 1536w\" data-sizes=\"auto\" data-orig-sizes=\"(max-width: 1024px) 100vw, 1024px\" \/><\/p>\n<p>Nach dem Betonieren werden die Schalungen wieder entfernt und zeitgleich bereits der zweite Geb\u00e4udeteil (Gottesdienstraum) f\u00fcr das Betonieren der Bodenplatte vorbereitet.<\/p>\n<p><img decoding=\"async\" class=\"lazyload alignnone size-large wp-image-6638\" src=\"https:\/\/www.friedenskirche.de\/wp-content\/uploads\/2026\/04\/IMG_9092-1024x748.jpg\" data-orig-src=\"https:\/\/www.friedenskirche.de\/wp-content\/uploads\/2026\/04\/IMG_9092-1024x748.jpg\" alt=\"\" width=\"1024\" height=\"748\" srcset=\"data:image\/svg+xml,%3Csvg%20xmlns%3D%27http%3A%2F%2Fwww.w3.org%2F2000%2Fsvg%27%20width%3D%271024%27%20height%3D%27748%27%20viewBox%3D%270%200%201024%20748%27%3E%3Crect%20width%3D%271024%27%20height%3D%27748%27%20fill-opacity%3D%220%22%2F%3E%3C%2Fsvg%3E\" data-srcset=\"https:\/\/www.friedenskirche.de\/wp-content\/uploads\/2026\/04\/IMG_9092-200x146.jpg 200w, https:\/\/www.friedenskirche.de\/wp-content\/uploads\/2026\/04\/IMG_9092-300x219.jpg 300w, https:\/\/www.friedenskirche.de\/wp-content\/uploads\/2026\/04\/IMG_9092-400x292.jpg 400w, https:\/\/www.friedenskirche.de\/wp-content\/uploads\/2026\/04\/IMG_9092-600x439.jpg 600w, https:\/\/www.friedenskirche.de\/wp-content\/uploads\/2026\/04\/IMG_9092-768x561.jpg 768w, https:\/\/www.friedenskirche.de\/wp-content\/uploads\/2026\/04\/IMG_9092-800x585.jpg 800w, https:\/\/www.friedenskirche.de\/wp-content\/uploads\/2026\/04\/IMG_9092-1024x748.jpg 1024w, https:\/\/www.friedenskirche.de\/wp-content\/uploads\/2026\/04\/IMG_9092-1200x877.jpg 1200w, https:\/\/www.friedenskirche.de\/wp-content\/uploads\/2026\/04\/IMG_9092-1536x1123.jpg 1536w\" data-sizes=\"auto\" data-orig-sizes=\"(max-width: 1024px) 100vw, 1024px\" \/><\/p>\n<p><img decoding=\"async\" class=\"lazyload alignnone size-large wp-image-6639\" src=\"https:\/\/www.friedenskirche.de\/wp-content\/uploads\/2026\/04\/IMG_8785-1024x768.jpeg\" data-orig-src=\"https:\/\/www.friedenskirche.de\/wp-content\/uploads\/2026\/04\/IMG_8785-1024x768.jpeg\" alt=\"\" width=\"1024\" height=\"768\" srcset=\"data:image\/svg+xml,%3Csvg%20xmlns%3D%27http%3A%2F%2Fwww.w3.org%2F2000%2Fsvg%27%20width%3D%271024%27%20height%3D%27768%27%20viewBox%3D%270%200%201024%20768%27%3E%3Crect%20width%3D%271024%27%20height%3D%27768%27%20fill-opacity%3D%220%22%2F%3E%3C%2Fsvg%3E\" data-srcset=\"https:\/\/www.friedenskirche.de\/wp-content\/uploads\/2026\/04\/IMG_8785-200x150.jpeg 200w, https:\/\/www.friedenskirche.de\/wp-content\/uploads\/2026\/04\/IMG_8785-300x225.jpeg 300w, https:\/\/www.friedenskirche.de\/wp-content\/uploads\/2026\/04\/IMG_8785-400x300.jpeg 400w, https:\/\/www.friedenskirche.de\/wp-content\/uploads\/2026\/04\/IMG_8785-600x450.jpeg 600w, https:\/\/www.friedenskirche.de\/wp-content\/uploads\/2026\/04\/IMG_8785-768x576.jpeg 768w, https:\/\/www.friedenskirche.de\/wp-content\/uploads\/2026\/04\/IMG_8785-800x600.jpeg 800w, https:\/\/www.friedenskirche.de\/wp-content\/uploads\/2026\/04\/IMG_8785-1024x768.jpeg 1024w, https:\/\/www.friedenskirche.de\/wp-content\/uploads\/2026\/04\/IMG_8785-1200x900.jpeg 1200w, https:\/\/www.friedenskirche.de\/wp-content\/uploads\/2026\/04\/IMG_8785-1536x1152.jpeg 1536w\" data-sizes=\"auto\" data-orig-sizes=\"(max-width: 1024px) 100vw, 1024px\" \/><\/p>\n","protected":false},"excerpt":{"rendered":"","protected":false},"author":17,"featured_media":6639,"comment_status":"closed","ping_status":"open","sticky":false,"template":"","format":"standard","meta":{"footnotes":""},"categories":[379],"tags":[],"class_list":["post-6630","post","type-post","status-publish","format-standard","has-post-thumbnail","hentry","category-bau"],"_links":{"self":[{"href":"https:\/\/www.friedenskirche.de\/index.php\/wp-json\/wp\/v2\/posts\/6630","targetHints":{"allow":["GET"]}}],"collection":[{"href":"https:\/\/www.friedenskirche.de\/index.php\/wp-json\/wp\/v2\/posts"}],"about":[{"href":"https:\/\/www.friedenskirche.de\/index.php\/wp-json\/wp\/v2\/types\/post"}],"author":[{"embeddable":true,"href":"https:\/\/www.friedenskirche.de\/index.php\/wp-json\/wp\/v2\/users\/17"}],"replies":[{"embeddable":true,"href":"https:\/\/www.friedenskirche.de\/index.php\/wp-json\/wp\/v2\/comments?post=6630"}],"version-history":[{"count":1,"href":"https:\/\/www.friedenskirche.de\/index.php\/wp-json\/wp\/v2\/posts\/6630\/revisions"}],"predecessor-version":[{"id":6640,"href":"https:\/\/www.friedenskirche.de\/index.php\/wp-json\/wp\/v2\/posts\/6630\/revisions\/6640"}],"wp:featuredmedia":[{"embeddable":true,"href":"https:\/\/www.friedenskirche.de\/index.php\/wp-json\/wp\/v2\/media\/6639"}],"wp:attachment":[{"href":"https:\/\/www.friedenskirche.de\/index.php\/wp-json\/wp\/v2\/media?parent=6630"}],"wp:term":[{"taxonomy":"category","embeddable":true,"href":"https:\/\/www.friedenskirche.de\/index.php\/wp-json\/wp\/v2\/categories?post=6630"},{"taxonomy":"post_tag","embeddable":true,"href":"https:\/\/www.friedenskirche.de\/index.php\/wp-json\/wp\/v2\/tags?post=6630"}],"curies":[{"name":"wp","href":"https:\/\/api.w.org\/{rel}","templated":true}]}}