{"id":6331,"date":"2025-07-26T17:44:37","date_gmt":"2025-07-26T15:44:37","guid":{"rendered":"https:\/\/www.friedenskirche.de\/?p=6331"},"modified":"2025-07-29T09:37:54","modified_gmt":"2025-07-29T07:37:54","slug":"presseartikel-suedkurier-am-24-07-2025","status":"publish","type":"post","link":"https:\/\/www.friedenskirche.de\/index.php\/2025\/07\/26\/presseartikel-suedkurier-am-24-07-2025\/","title":{"rendered":"Presseartikel, S\u00fcdkurier am 24.07.2025"},"content":{"rendered":"\r\n<p>Unsere Gemeindeleiterin, Corinna Sch\u00f6n sowie Maximilian Stroscher, Leiter Bauausschuss und Alexander H\u00f6fflin, Architekt haben sich mit dem S\u00fcdkurier zu unserem aktuellen Bauvorhaben ausgetauscht.<\/p>\r\n<p>&nbsp;<\/p>\r\n\r\n\r\n\r\n\r\n\r\n\r\n\r\n<p>Der ausf\u00fchrlicher Bericht ist online abrufbar:<\/p>\r\n\r\n\r\n\r\n<p><a href=\"https:\/\/www.suedkurier.de\/region\/kreis-konstanz\/singen\/baptisten-sind-voller-vorfreude-die-gemeinde-freut-sich-auf-die-neue-herausforderung;art372458,12445357\" target=\"_blank\" rel=\"noopener\">S\u00fcdkurierartikel vom 24.07.2025<\/a><\/p>\r\n<p>&nbsp;<\/p>\r\n","protected":false},"excerpt":{"rendered":"","protected":false},"author":17,"featured_media":6364,"comment_status":"closed","ping_status":"open","sticky":false,"template":"","format":"standard","meta":{"footnotes":""},"categories":[379],"tags":[],"class_list":["post-6331","post","type-post","status-publish","format-standard","has-post-thumbnail","hentry","category-bau"],"_links":{"self":[{"href":"https:\/\/www.friedenskirche.de\/index.php\/wp-json\/wp\/v2\/posts\/6331","targetHints":{"allow":["GET"]}}],"collection":[{"href":"https:\/\/www.friedenskirche.de\/index.php\/wp-json\/wp\/v2\/posts"}],"about":[{"href":"https:\/\/www.friedenskirche.de\/index.php\/wp-json\/wp\/v2\/types\/post"}],"author":[{"embeddable":true,"href":"https:\/\/www.friedenskirche.de\/index.php\/wp-json\/wp\/v2\/users\/17"}],"replies":[{"embeddable":true,"href":"https:\/\/www.friedenskirche.de\/index.php\/wp-json\/wp\/v2\/comments?post=6331"}],"version-history":[{"count":4,"href":"https:\/\/www.friedenskirche.de\/index.php\/wp-json\/wp\/v2\/posts\/6331\/revisions"}],"predecessor-version":[{"id":6365,"href":"https:\/\/www.friedenskirche.de\/index.php\/wp-json\/wp\/v2\/posts\/6331\/revisions\/6365"}],"wp:featuredmedia":[{"embeddable":true,"href":"https:\/\/www.friedenskirche.de\/index.php\/wp-json\/wp\/v2\/media\/6364"}],"wp:attachment":[{"href":"https:\/\/www.friedenskirche.de\/index.php\/wp-json\/wp\/v2\/media?parent=6331"}],"wp:term":[{"taxonomy":"category","embeddable":true,"href":"https:\/\/www.friedenskirche.de\/index.php\/wp-json\/wp\/v2\/categories?post=6331"},{"taxonomy":"post_tag","embeddable":true,"href":"https:\/\/www.friedenskirche.de\/index.php\/wp-json\/wp\/v2\/tags?post=6331"}],"curies":[{"name":"wp","href":"https:\/\/api.w.org\/{rel}","templated":true}]}}