{"id":6263,"date":"2023-03-14T12:22:23","date_gmt":"2023-03-14T11:22:23","guid":{"rendered":"https:\/\/www.friedenskirche.de\/?p=6263"},"modified":"2025-07-26T12:30:18","modified_gmt":"2025-07-26T10:30:18","slug":"die-brandruine-wird-abgerissen","status":"publish","type":"post","link":"https:\/\/www.friedenskirche.de\/index.php\/2023\/03\/14\/die-brandruine-wird-abgerissen\/","title":{"rendered":"Abriss der Brandruine &#8211; Platz f\u00fcr &#8222;Neues&#8220;"},"content":{"rendered":"<p>Viele Monate hat die Brandruine das Stadtbild der Rielasinger Stra\u00dfe gepr\u00e4gt und dies ging aus verschiedenen Gr\u00fcnden l\u00e4nger als erwartet.<\/p>\n<p>Doch auch wir als Gemeinde haben diese Zeit gebraucht um uns dankbar von dem &#8222;Alten&#8220; zu verabschieden um dann Platz f\u00fcr &#8222;Neues&#8220; zu schaffen. Was f\u00fcr uns als Gemeinde ein gro\u00dfer Schatz und auch ein Zeichen war, ist dass der Turm mit dem Kreuz dem Feuer standgehalten hat und dass wir in der Brandruine unsere alte Bibel retten konnten. Und genau das hat uns als Gemeinde neu offenbart, was wirklich z\u00e4hlt:<\/p>\n<p><img decoding=\"async\" class=\"lazyload alignnone size-medium wp-image-6277\" src=\"https:\/\/www.friedenskirche.de\/wp-content\/uploads\/2022\/03\/4572DD5B-7EFA-4066-885B-E52933C7F2AB-240x300.jpg\" data-orig-src=\"https:\/\/www.friedenskirche.de\/wp-content\/uploads\/2022\/03\/4572DD5B-7EFA-4066-885B-E52933C7F2AB-240x300.jpg\" alt=\"\" width=\"240\" height=\"300\" srcset=\"data:image\/svg+xml,%3Csvg%20xmlns%3D%27http%3A%2F%2Fwww.w3.org%2F2000%2Fsvg%27%20width%3D%27240%27%20height%3D%27300%27%20viewBox%3D%270%200%20240%20300%27%3E%3Crect%20width%3D%27240%27%20height%3D%27300%27%20fill-opacity%3D%220%22%2F%3E%3C%2Fsvg%3E\" data-srcset=\"https:\/\/www.friedenskirche.de\/wp-content\/uploads\/2022\/03\/4572DD5B-7EFA-4066-885B-E52933C7F2AB-200x250.jpg 200w, https:\/\/www.friedenskirche.de\/wp-content\/uploads\/2022\/03\/4572DD5B-7EFA-4066-885B-E52933C7F2AB-240x300.jpg 240w, https:\/\/www.friedenskirche.de\/wp-content\/uploads\/2022\/03\/4572DD5B-7EFA-4066-885B-E52933C7F2AB-400x500.jpg 400w, https:\/\/www.friedenskirche.de\/wp-content\/uploads\/2022\/03\/4572DD5B-7EFA-4066-885B-E52933C7F2AB-600x750.jpg 600w, https:\/\/www.friedenskirche.de\/wp-content\/uploads\/2022\/03\/4572DD5B-7EFA-4066-885B-E52933C7F2AB-768x960.jpg 768w, https:\/\/www.friedenskirche.de\/wp-content\/uploads\/2022\/03\/4572DD5B-7EFA-4066-885B-E52933C7F2AB-800x1000.jpg 800w, https:\/\/www.friedenskirche.de\/wp-content\/uploads\/2022\/03\/4572DD5B-7EFA-4066-885B-E52933C7F2AB-819x1024.jpg 819w, https:\/\/www.friedenskirche.de\/wp-content\/uploads\/2022\/03\/4572DD5B-7EFA-4066-885B-E52933C7F2AB-1200x1500.jpg 1200w, https:\/\/www.friedenskirche.de\/wp-content\/uploads\/2022\/03\/4572DD5B-7EFA-4066-885B-E52933C7F2AB-1229x1536.jpg 1229w, https:\/\/www.friedenskirche.de\/wp-content\/uploads\/2022\/03\/4572DD5B-7EFA-4066-885B-E52933C7F2AB.jpg 1440w\" data-sizes=\"auto\" data-orig-sizes=\"(max-width: 240px) 100vw, 240px\" \/><\/p>\n<p><strong>Der Blick auf unseren Gott, unseren Retter und Erl\u00f6ser und sein Wort.<\/strong><\/p>\n<p>Heute ist es endlich soweit und die Abrissarbeiten der Ruine beginnen&#8230;<\/p>\n<p><img decoding=\"async\" class=\"lazyload alignnone size-medium wp-image-6281\" src=\"https:\/\/www.friedenskirche.de\/wp-content\/uploads\/2023\/03\/Ohne-Titel-5-von-6-300x225.jpeg\" data-orig-src=\"https:\/\/www.friedenskirche.de\/wp-content\/uploads\/2023\/03\/Ohne-Titel-5-von-6-300x225.jpeg\" alt=\"\" width=\"300\" height=\"225\" srcset=\"data:image\/svg+xml,%3Csvg%20xmlns%3D%27http%3A%2F%2Fwww.w3.org%2F2000%2Fsvg%27%20width%3D%27300%27%20height%3D%27225%27%20viewBox%3D%270%200%20300%20225%27%3E%3Crect%20width%3D%27300%27%20height%3D%27225%27%20fill-opacity%3D%220%22%2F%3E%3C%2Fsvg%3E\" data-srcset=\"https:\/\/www.friedenskirche.de\/wp-content\/uploads\/2023\/03\/Ohne-Titel-5-von-6-200x150.jpeg 200w, https:\/\/www.friedenskirche.de\/wp-content\/uploads\/2023\/03\/Ohne-Titel-5-von-6-300x225.jpeg 300w, https:\/\/www.friedenskirche.de\/wp-content\/uploads\/2023\/03\/Ohne-Titel-5-von-6-400x300.jpeg 400w, https:\/\/www.friedenskirche.de\/wp-content\/uploads\/2023\/03\/Ohne-Titel-5-von-6-600x450.jpeg 600w, https:\/\/www.friedenskirche.de\/wp-content\/uploads\/2023\/03\/Ohne-Titel-5-von-6-768x576.jpeg 768w, https:\/\/www.friedenskirche.de\/wp-content\/uploads\/2023\/03\/Ohne-Titel-5-von-6-800x600.jpeg 800w, https:\/\/www.friedenskirche.de\/wp-content\/uploads\/2023\/03\/Ohne-Titel-5-von-6-1024x768.jpeg 1024w, https:\/\/www.friedenskirche.de\/wp-content\/uploads\/2023\/03\/Ohne-Titel-5-von-6-1200x900.jpeg 1200w, https:\/\/www.friedenskirche.de\/wp-content\/uploads\/2023\/03\/Ohne-Titel-5-von-6-1536x1152.jpeg 1536w\" data-sizes=\"auto\" data-orig-sizes=\"(max-width: 300px) 100vw, 300px\" \/> <img decoding=\"async\" class=\"lazyload alignnone size-medium wp-image-6280\" src=\"https:\/\/www.friedenskirche.de\/wp-content\/uploads\/2023\/03\/Ohne-Titel-6-von-6-300x225.jpeg\" data-orig-src=\"https:\/\/www.friedenskirche.de\/wp-content\/uploads\/2023\/03\/Ohne-Titel-6-von-6-300x225.jpeg\" alt=\"\" width=\"300\" height=\"225\" srcset=\"data:image\/svg+xml,%3Csvg%20xmlns%3D%27http%3A%2F%2Fwww.w3.org%2F2000%2Fsvg%27%20width%3D%27300%27%20height%3D%27225%27%20viewBox%3D%270%200%20300%20225%27%3E%3Crect%20width%3D%27300%27%20height%3D%27225%27%20fill-opacity%3D%220%22%2F%3E%3C%2Fsvg%3E\" data-srcset=\"https:\/\/www.friedenskirche.de\/wp-content\/uploads\/2023\/03\/Ohne-Titel-6-von-6-200x150.jpeg 200w, https:\/\/www.friedenskirche.de\/wp-content\/uploads\/2023\/03\/Ohne-Titel-6-von-6-300x225.jpeg 300w, https:\/\/www.friedenskirche.de\/wp-content\/uploads\/2023\/03\/Ohne-Titel-6-von-6-400x300.jpeg 400w, https:\/\/www.friedenskirche.de\/wp-content\/uploads\/2023\/03\/Ohne-Titel-6-von-6-600x450.jpeg 600w, https:\/\/www.friedenskirche.de\/wp-content\/uploads\/2023\/03\/Ohne-Titel-6-von-6-768x576.jpeg 768w, https:\/\/www.friedenskirche.de\/wp-content\/uploads\/2023\/03\/Ohne-Titel-6-von-6-800x600.jpeg 800w, https:\/\/www.friedenskirche.de\/wp-content\/uploads\/2023\/03\/Ohne-Titel-6-von-6.jpeg 1024w\" data-sizes=\"auto\" data-orig-sizes=\"(max-width: 300px) 100vw, 300px\" \/> <img decoding=\"async\" class=\"lazyload alignnone size-medium wp-image-6260\" src=\"https:\/\/www.friedenskirche.de\/wp-content\/uploads\/2025\/07\/Abriss-03-23-300x225.jpeg\" data-orig-src=\"https:\/\/www.friedenskirche.de\/wp-content\/uploads\/2025\/07\/Abriss-03-23-300x225.jpeg\" alt=\"\" width=\"300\" height=\"225\" srcset=\"data:image\/svg+xml,%3Csvg%20xmlns%3D%27http%3A%2F%2Fwww.w3.org%2F2000%2Fsvg%27%20width%3D%27300%27%20height%3D%27225%27%20viewBox%3D%270%200%20300%20225%27%3E%3Crect%20width%3D%27300%27%20height%3D%27225%27%20fill-opacity%3D%220%22%2F%3E%3C%2Fsvg%3E\" data-srcset=\"https:\/\/www.friedenskirche.de\/wp-content\/uploads\/2025\/07\/Abriss-03-23-200x150.jpeg 200w, https:\/\/www.friedenskirche.de\/wp-content\/uploads\/2025\/07\/Abriss-03-23-300x225.jpeg 300w, https:\/\/www.friedenskirche.de\/wp-content\/uploads\/2025\/07\/Abriss-03-23-400x300.jpeg 400w, https:\/\/www.friedenskirche.de\/wp-content\/uploads\/2025\/07\/Abriss-03-23-600x450.jpeg 600w, https:\/\/www.friedenskirche.de\/wp-content\/uploads\/2025\/07\/Abriss-03-23-768x576.jpeg 768w, https:\/\/www.friedenskirche.de\/wp-content\/uploads\/2025\/07\/Abriss-03-23-800x600.jpeg 800w, https:\/\/www.friedenskirche.de\/wp-content\/uploads\/2025\/07\/Abriss-03-23-1024x768.jpeg 1024w, https:\/\/www.friedenskirche.de\/wp-content\/uploads\/2025\/07\/Abriss-03-23-1200x900.jpeg 1200w, https:\/\/www.friedenskirche.de\/wp-content\/uploads\/2025\/07\/Abriss-03-23-1536x1152.jpeg 1536w\" data-sizes=\"auto\" data-orig-sizes=\"(max-width: 300px) 100vw, 300px\" \/><\/p>\n","protected":false},"excerpt":{"rendered":"","protected":false},"author":4,"featured_media":6260,"comment_status":"closed","ping_status":"open","sticky":false,"template":"","format":"standard","meta":{"footnotes":""},"categories":[379],"tags":[],"class_list":["post-6263","post","type-post","status-publish","format-standard","has-post-thumbnail","hentry","category-bau"],"_links":{"self":[{"href":"https:\/\/www.friedenskirche.de\/index.php\/wp-json\/wp\/v2\/posts\/6263","targetHints":{"allow":["GET"]}}],"collection":[{"href":"https:\/\/www.friedenskirche.de\/index.php\/wp-json\/wp\/v2\/posts"}],"about":[{"href":"https:\/\/www.friedenskirche.de\/index.php\/wp-json\/wp\/v2\/types\/post"}],"author":[{"embeddable":true,"href":"https:\/\/www.friedenskirche.de\/index.php\/wp-json\/wp\/v2\/users\/4"}],"replies":[{"embeddable":true,"href":"https:\/\/www.friedenskirche.de\/index.php\/wp-json\/wp\/v2\/comments?post=6263"}],"version-history":[{"count":7,"href":"https:\/\/www.friedenskirche.de\/index.php\/wp-json\/wp\/v2\/posts\/6263\/revisions"}],"predecessor-version":[{"id":6279,"href":"https:\/\/www.friedenskirche.de\/index.php\/wp-json\/wp\/v2\/posts\/6263\/revisions\/6279"}],"wp:featuredmedia":[{"embeddable":true,"href":"https:\/\/www.friedenskirche.de\/index.php\/wp-json\/wp\/v2\/media\/6260"}],"wp:attachment":[{"href":"https:\/\/www.friedenskirche.de\/index.php\/wp-json\/wp\/v2\/media?parent=6263"}],"wp:term":[{"taxonomy":"category","embeddable":true,"href":"https:\/\/www.friedenskirche.de\/index.php\/wp-json\/wp\/v2\/categories?post=6263"},{"taxonomy":"post_tag","embeddable":true,"href":"https:\/\/www.friedenskirche.de\/index.php\/wp-json\/wp\/v2\/tags?post=6263"}],"curies":[{"name":"wp","href":"https:\/\/api.w.org\/{rel}","templated":true}]}}