{"id":5848,"date":"2024-01-23T15:57:22","date_gmt":"2024-01-23T14:57:22","guid":{"rendered":"https:\/\/www.friedenskirche.de\/?p=5848"},"modified":"2025-07-24T16:09:36","modified_gmt":"2025-07-24T14:09:36","slug":"bauliches-leitbild","status":"publish","type":"post","link":"https:\/\/www.friedenskirche.de\/index.php\/2024\/01\/23\/bauliches-leitbild\/","title":{"rendered":"Bauausschuss und bauliches Leitbild"},"content":{"rendered":"<p>Wir sind sehr dankbar f\u00fcr die vielen Hilfsangebote, die uns auf unterschiedliche Art und Weise erreicht haben. Ein gro\u00dfes Geschenk sind die R\u00e4umlichkeiten, die uns angeboten wurden und wo wir unsere Veranstaltungen abhalten. Dadurch ist es uns m\u00f6glich, unser Gemeindeleben weiter fortzuf\u00fchren. Im Zuge dieses Gemeindeprozesses haben wir uns mit der Fragestellung &#8222;Wozu braucht es uns als Gemeinde eigentlich?&#8220; oder &#8222;Wozu ben\u00f6tigen wir ein Gemeindehaus?&#8220; intensiv auseinander gesetzt. Hieraus ist unsere Gemeindevision entstanden:<\/p>\n<p style=\"text-align: center;\"><strong>UNTERWEGS &#8211; mit JESUS &#8211; mit DIR &#8211; f\u00fcr unsere Stadt\u00a0<\/strong><\/p>\n<p>Und damit stand auch fest: Wir werden wieder ein eigenes Gemeindezentrum bauen!<\/p>\n<p>In diesem Zuge wurde ein Bauausschuss gegr\u00fcndet, der sich mit dem Neubauvorhaben intensiv auseinander setzt und diesen gemeinsam mit der Gemeinde und einem Architekturb\u00fcro realisieren wird.<\/p>\n<p>Im Rahmen von Workshops hat der Bauausschuss mit der Gemeindeleitung folgende bauliche Leitbilder f\u00fcr die Friedenskirche III entwickelt<\/p>\n<p style=\"text-align: center;\">bauliches Vision:<\/p>\n<p style=\"text-align: center;\"><strong>\u00abDie Friedenskirche 3.0 ist ein sicherer Hafen, <\/strong><br \/>\n<strong>in dem man ankommen, Kraft tanken und Gott begegnen kann.\u00bb<\/strong><\/p>\n<p>&nbsp;<\/p>\n<p style=\"text-align: center;\">bauliche Mission:<\/p>\n<p style=\"text-align: center;\"><strong>\u00abDas Raumangebot schafft Orte f\u00fcr Begegnung, <\/strong><br \/>\n<strong>um den Glauben an Jesus Christus<br \/>\nmit Menschen aus unserem Umfeld zu leben und <\/strong><strong>zu teilen.\u00bb<\/strong><\/p>\n<p>&nbsp;<\/p>\n<p>Auf dieser Basis erarbeiten wir als Gemeinde nun einen Anforderungskatalog an die R\u00e4umlichkeiten, um dann in Form eines Ideen-Wettbewerbs ein Architekturb\u00fcro auszuw\u00e4hlen, das diese Vision mit uns in die Tat umsetzen m\u00f6chte.<\/p>\n","protected":false},"excerpt":{"rendered":"","protected":false},"author":4,"featured_media":5869,"comment_status":"open","ping_status":"open","sticky":false,"template":"","format":"standard","meta":{"footnotes":""},"categories":[379],"tags":[378],"class_list":["post-5848","post","type-post","status-publish","format-standard","has-post-thumbnail","hentry","category-bau","tag-bau"],"_links":{"self":[{"href":"https:\/\/www.friedenskirche.de\/index.php\/wp-json\/wp\/v2\/posts\/5848","targetHints":{"allow":["GET"]}}],"collection":[{"href":"https:\/\/www.friedenskirche.de\/index.php\/wp-json\/wp\/v2\/posts"}],"about":[{"href":"https:\/\/www.friedenskirche.de\/index.php\/wp-json\/wp\/v2\/types\/post"}],"author":[{"embeddable":true,"href":"https:\/\/www.friedenskirche.de\/index.php\/wp-json\/wp\/v2\/users\/4"}],"replies":[{"embeddable":true,"href":"https:\/\/www.friedenskirche.de\/index.php\/wp-json\/wp\/v2\/comments?post=5848"}],"version-history":[{"count":8,"href":"https:\/\/www.friedenskirche.de\/index.php\/wp-json\/wp\/v2\/posts\/5848\/revisions"}],"predecessor-version":[{"id":6286,"href":"https:\/\/www.friedenskirche.de\/index.php\/wp-json\/wp\/v2\/posts\/5848\/revisions\/6286"}],"wp:featuredmedia":[{"embeddable":true,"href":"https:\/\/www.friedenskirche.de\/index.php\/wp-json\/wp\/v2\/media\/5869"}],"wp:attachment":[{"href":"https:\/\/www.friedenskirche.de\/index.php\/wp-json\/wp\/v2\/media?parent=5848"}],"wp:term":[{"taxonomy":"category","embeddable":true,"href":"https:\/\/www.friedenskirche.de\/index.php\/wp-json\/wp\/v2\/categories?post=5848"},{"taxonomy":"post_tag","embeddable":true,"href":"https:\/\/www.friedenskirche.de\/index.php\/wp-json\/wp\/v2\/tags?post=5848"}],"curies":[{"name":"wp","href":"https:\/\/api.w.org\/{rel}","templated":true}]}}