{"id":5700,"date":"2023-03-27T09:20:05","date_gmt":"2023-03-27T07:20:05","guid":{"rendered":"https:\/\/www.friedenskirche.de\/?p=5700"},"modified":"2023-03-27T09:20:33","modified_gmt":"2023-03-27T07:20:33","slug":"unsere-neue-gemeindeleitung","status":"publish","type":"post","link":"https:\/\/www.friedenskirche.de\/index.php\/2023\/03\/27\/unsere-neue-gemeindeleitung\/","title":{"rendered":"Unsere neue Gemeindeleitung"},"content":{"rendered":"<p>&nbsp;<\/p>\n<p>Wir freuen uns \u00fcber unsere neu gew\u00e4hlte Gemeindeleitung und w\u00fcnschen Ihnen Gottes reichen Segen!<\/p>\n<p><img decoding=\"async\" class=\"lazyload alignnone size-large wp-image-5701\" src=\"https:\/\/www.friedenskirche.de\/wp-content\/uploads\/2023\/03\/Gemeindeleitung-2023-1024x682.jpeg\" data-orig-src=\"https:\/\/www.friedenskirche.de\/wp-content\/uploads\/2023\/03\/Gemeindeleitung-2023-1024x682.jpeg\" alt=\"\" width=\"1024\" height=\"682\" srcset=\"data:image\/svg+xml,%3Csvg%20xmlns%3D%27http%3A%2F%2Fwww.w3.org%2F2000%2Fsvg%27%20width%3D%271024%27%20height%3D%27682%27%20viewBox%3D%270%200%201024%20682%27%3E%3Crect%20width%3D%271024%27%20height%3D%27682%27%20fill-opacity%3D%220%22%2F%3E%3C%2Fsvg%3E\" data-srcset=\"https:\/\/www.friedenskirche.de\/wp-content\/uploads\/2023\/03\/Gemeindeleitung-2023-200x133.jpeg 200w, https:\/\/www.friedenskirche.de\/wp-content\/uploads\/2023\/03\/Gemeindeleitung-2023-300x200.jpeg 300w, https:\/\/www.friedenskirche.de\/wp-content\/uploads\/2023\/03\/Gemeindeleitung-2023-400x267.jpeg 400w, https:\/\/www.friedenskirche.de\/wp-content\/uploads\/2023\/03\/Gemeindeleitung-2023-600x400.jpeg 600w, https:\/\/www.friedenskirche.de\/wp-content\/uploads\/2023\/03\/Gemeindeleitung-2023-768x512.jpeg 768w, https:\/\/www.friedenskirche.de\/wp-content\/uploads\/2023\/03\/Gemeindeleitung-2023-800x533.jpeg 800w, https:\/\/www.friedenskirche.de\/wp-content\/uploads\/2023\/03\/Gemeindeleitung-2023-1024x682.jpeg 1024w, https:\/\/www.friedenskirche.de\/wp-content\/uploads\/2023\/03\/Gemeindeleitung-2023-1200x800.jpeg 1200w, https:\/\/www.friedenskirche.de\/wp-content\/uploads\/2023\/03\/Gemeindeleitung-2023.jpeg 1280w\" data-sizes=\"auto\" data-orig-sizes=\"(max-width: 1024px) 100vw, 1024px\" \/><\/p>\n<p>Von links nach rechts: Attila Szabo, Corinna Sch\u00f6n (stellv. Gemeindeleiterin), Lutz Kirchhoff (Gemeindeleiter), Michael Reinbold<\/p>\n","protected":false},"excerpt":{"rendered":"","protected":false},"author":4,"featured_media":5701,"comment_status":"open","ping_status":"open","sticky":false,"template":"","format":"standard","meta":{"footnotes":""},"categories":[63],"tags":[],"class_list":["post-5700","post","type-post","status-publish","format-standard","has-post-thumbnail","hentry","category-gemeindeleben"],"_links":{"self":[{"href":"https:\/\/www.friedenskirche.de\/index.php\/wp-json\/wp\/v2\/posts\/5700","targetHints":{"allow":["GET"]}}],"collection":[{"href":"https:\/\/www.friedenskirche.de\/index.php\/wp-json\/wp\/v2\/posts"}],"about":[{"href":"https:\/\/www.friedenskirche.de\/index.php\/wp-json\/wp\/v2\/types\/post"}],"author":[{"embeddable":true,"href":"https:\/\/www.friedenskirche.de\/index.php\/wp-json\/wp\/v2\/users\/4"}],"replies":[{"embeddable":true,"href":"https:\/\/www.friedenskirche.de\/index.php\/wp-json\/wp\/v2\/comments?post=5700"}],"version-history":[{"count":1,"href":"https:\/\/www.friedenskirche.de\/index.php\/wp-json\/wp\/v2\/posts\/5700\/revisions"}],"predecessor-version":[{"id":5702,"href":"https:\/\/www.friedenskirche.de\/index.php\/wp-json\/wp\/v2\/posts\/5700\/revisions\/5702"}],"wp:featuredmedia":[{"embeddable":true,"href":"https:\/\/www.friedenskirche.de\/index.php\/wp-json\/wp\/v2\/media\/5701"}],"wp:attachment":[{"href":"https:\/\/www.friedenskirche.de\/index.php\/wp-json\/wp\/v2\/media?parent=5700"}],"wp:term":[{"taxonomy":"category","embeddable":true,"href":"https:\/\/www.friedenskirche.de\/index.php\/wp-json\/wp\/v2\/categories?post=5700"},{"taxonomy":"post_tag","embeddable":true,"href":"https:\/\/www.friedenskirche.de\/index.php\/wp-json\/wp\/v2\/tags?post=5700"}],"curies":[{"name":"wp","href":"https:\/\/api.w.org\/{rel}","templated":true}]}}