{"id":5524,"date":"2022-07-18T08:48:10","date_gmt":"2022-07-18T06:48:10","guid":{"rendered":"https:\/\/www.friedenskirche.de\/?p=5524"},"modified":"2022-07-18T08:48:10","modified_gmt":"2022-07-18T06:48:10","slug":"oekumene-sammelte-fuer-friedenkirche","status":"publish","type":"post","link":"https:\/\/www.friedenskirche.de\/index.php\/2022\/07\/18\/oekumene-sammelte-fuer-friedenkirche\/","title":{"rendered":"\u00d6kumene sammelte f\u00fcr Friedenkirche"},"content":{"rendered":"<p>Der verheerende Brand in der Friedenskirche vom 20. M\u00e4rz diesen Jahres ersch\u00fctterte nicht nur die kirchliche Landschaft massiv. Als Zeichen herzlicher Verbundenheit und \u00f6kumenischer Solidarit\u00e4t f\u00fchrten in den vergangenen Wochen die Kirchen der Arbeitsgemeinschaft Christlicher Kirchen in Singen in ihren jeweiligen Gottesdiensten Kollekten durch. Im Namen der ACK \u00fcberreichte Pastor Uwe Mackfeld (Freie ev. Gemeinde) verbunden mit herzlichen Gr\u00fc\u00dfen der ACK-Vorsitzenden Pfrin. Andrea Fink-Fauser am 17. Juli die gesammelten Gelder.  Insgesamt kamen 2.567,63 \u20ac zusammen. Diese wurden im Gottesdienst der Friedenskirche (bis auf Weiteres sonntags 10 Uhr bei Team Pirmin, Lise-Meitner-Str. 7, Singen) sehr dankbar entgegengenommen. Diese Finanzspritze soll laut Lutz Kirchhoff vom Kirchenvorstand der Friedenskirche Singen vornehmlich zur Beschaffung mobiler Gottesdiensttechnik (Mikros, Lautsprecher, Verst\u00e4rker usw.) eingesetzt werden.<br \/>\n<img decoding=\"async\" src=\"https:\/\/www.friedenskirche.de\/wp-content\/uploads\/2022\/07\/Bildschirmfoto-2022-07-17-um-15.20.06-1024x673.jpg\" data-orig-src=\"https:\/\/www.friedenskirche.de\/wp-content\/uploads\/2022\/07\/Bildschirmfoto-2022-07-17-um-15.20.06-1024x673.jpg\" alt=\"\" width=\"1024\" height=\"673\" class=\"lazyload alignnone size-large wp-image-5525\" srcset=\"data:image\/svg+xml,%3Csvg%20xmlns%3D%27http%3A%2F%2Fwww.w3.org%2F2000%2Fsvg%27%20width%3D%271024%27%20height%3D%27673%27%20viewBox%3D%270%200%201024%20673%27%3E%3Crect%20width%3D%271024%27%20height%3D%27673%27%20fill-opacity%3D%220%22%2F%3E%3C%2Fsvg%3E\" data-srcset=\"https:\/\/www.friedenskirche.de\/wp-content\/uploads\/2022\/07\/Bildschirmfoto-2022-07-17-um-15.20.06-200x131.jpg 200w, https:\/\/www.friedenskirche.de\/wp-content\/uploads\/2022\/07\/Bildschirmfoto-2022-07-17-um-15.20.06-300x197.jpg 300w, https:\/\/www.friedenskirche.de\/wp-content\/uploads\/2022\/07\/Bildschirmfoto-2022-07-17-um-15.20.06-400x263.jpg 400w, https:\/\/www.friedenskirche.de\/wp-content\/uploads\/2022\/07\/Bildschirmfoto-2022-07-17-um-15.20.06-600x394.jpg 600w, https:\/\/www.friedenskirche.de\/wp-content\/uploads\/2022\/07\/Bildschirmfoto-2022-07-17-um-15.20.06-768x505.jpg 768w, https:\/\/www.friedenskirche.de\/wp-content\/uploads\/2022\/07\/Bildschirmfoto-2022-07-17-um-15.20.06-800x526.jpg 800w, https:\/\/www.friedenskirche.de\/wp-content\/uploads\/2022\/07\/Bildschirmfoto-2022-07-17-um-15.20.06-1024x673.jpg 1024w, https:\/\/www.friedenskirche.de\/wp-content\/uploads\/2022\/07\/Bildschirmfoto-2022-07-17-um-15.20.06-1200x789.jpg 1200w, https:\/\/www.friedenskirche.de\/wp-content\/uploads\/2022\/07\/Bildschirmfoto-2022-07-17-um-15.20.06.jpg 1500w\" data-sizes=\"auto\" data-orig-sizes=\"(max-width: 1024px) 100vw, 1024px\" \/><\/p>\n","protected":false},"excerpt":{"rendered":"","protected":false},"author":4,"featured_media":5525,"comment_status":"open","ping_status":"open","sticky":false,"template":"","format":"standard","meta":{"footnotes":""},"categories":[1,63],"tags":[369],"class_list":["post-5524","post","type-post","status-publish","format-standard","has-post-thumbnail","hentry","category-allgemein","category-gemeindeleben","tag-ack"],"_links":{"self":[{"href":"https:\/\/www.friedenskirche.de\/index.php\/wp-json\/wp\/v2\/posts\/5524","targetHints":{"allow":["GET"]}}],"collection":[{"href":"https:\/\/www.friedenskirche.de\/index.php\/wp-json\/wp\/v2\/posts"}],"about":[{"href":"https:\/\/www.friedenskirche.de\/index.php\/wp-json\/wp\/v2\/types\/post"}],"author":[{"embeddable":true,"href":"https:\/\/www.friedenskirche.de\/index.php\/wp-json\/wp\/v2\/users\/4"}],"replies":[{"embeddable":true,"href":"https:\/\/www.friedenskirche.de\/index.php\/wp-json\/wp\/v2\/comments?post=5524"}],"version-history":[{"count":1,"href":"https:\/\/www.friedenskirche.de\/index.php\/wp-json\/wp\/v2\/posts\/5524\/revisions"}],"predecessor-version":[{"id":5526,"href":"https:\/\/www.friedenskirche.de\/index.php\/wp-json\/wp\/v2\/posts\/5524\/revisions\/5526"}],"wp:featuredmedia":[{"embeddable":true,"href":"https:\/\/www.friedenskirche.de\/index.php\/wp-json\/wp\/v2\/media\/5525"}],"wp:attachment":[{"href":"https:\/\/www.friedenskirche.de\/index.php\/wp-json\/wp\/v2\/media?parent=5524"}],"wp:term":[{"taxonomy":"category","embeddable":true,"href":"https:\/\/www.friedenskirche.de\/index.php\/wp-json\/wp\/v2\/categories?post=5524"},{"taxonomy":"post_tag","embeddable":true,"href":"https:\/\/www.friedenskirche.de\/index.php\/wp-json\/wp\/v2\/tags?post=5524"}],"curies":[{"name":"wp","href":"https:\/\/api.w.org\/{rel}","templated":true}]}}