{"id":5449,"date":"2022-04-09T21:23:51","date_gmt":"2022-04-09T19:23:51","guid":{"rendered":"https:\/\/www.friedenskirche.de\/?p=5449"},"modified":"2022-04-09T21:32:57","modified_gmt":"2022-04-09T19:32:57","slug":"10-04-gottesdienst-in-der-gemeinde-gottes","status":"publish","type":"post","link":"https:\/\/www.friedenskirche.de\/index.php\/2022\/04\/09\/10-04-gottesdienst-in-der-gemeinde-gottes\/","title":{"rendered":"10.04. Gottesdienst in der Gemeinde Gottes"},"content":{"rendered":"<p><!--more--><img decoding=\"async\" class=\"lazyload alignnone size-medium wp-image-5451\" src=\"https:\/\/www.friedenskirche.de\/wp-content\/uploads\/2022\/04\/49316202-E0CD-461A-8291-71FB8CE65115-300x219.jpeg\" data-orig-src=\"https:\/\/www.friedenskirche.de\/wp-content\/uploads\/2022\/04\/49316202-E0CD-461A-8291-71FB8CE65115-300x219.jpeg\" alt=\"\" width=\"300\" height=\"219\" srcset=\"data:image\/svg+xml,%3Csvg%20xmlns%3D%27http%3A%2F%2Fwww.w3.org%2F2000%2Fsvg%27%20width%3D%27300%27%20height%3D%27219%27%20viewBox%3D%270%200%20300%20219%27%3E%3Crect%20width%3D%27300%27%20height%3D%27219%27%20fill-opacity%3D%220%22%2F%3E%3C%2Fsvg%3E\" data-srcset=\"https:\/\/www.friedenskirche.de\/wp-content\/uploads\/2022\/04\/49316202-E0CD-461A-8291-71FB8CE65115-200x146.jpeg 200w, https:\/\/www.friedenskirche.de\/wp-content\/uploads\/2022\/04\/49316202-E0CD-461A-8291-71FB8CE65115-300x219.jpeg 300w, https:\/\/www.friedenskirche.de\/wp-content\/uploads\/2022\/04\/49316202-E0CD-461A-8291-71FB8CE65115-400x292.jpeg 400w, https:\/\/www.friedenskirche.de\/wp-content\/uploads\/2022\/04\/49316202-E0CD-461A-8291-71FB8CE65115-600x439.jpeg 600w, https:\/\/www.friedenskirche.de\/wp-content\/uploads\/2022\/04\/49316202-E0CD-461A-8291-71FB8CE65115-768x561.jpeg 768w, https:\/\/www.friedenskirche.de\/wp-content\/uploads\/2022\/04\/49316202-E0CD-461A-8291-71FB8CE65115-800x585.jpeg 800w, https:\/\/www.friedenskirche.de\/wp-content\/uploads\/2022\/04\/49316202-E0CD-461A-8291-71FB8CE65115.jpeg 918w\" data-sizes=\"auto\" data-orig-sizes=\"(max-width: 300px) 100vw, 300px\" \/><\/p>\n<p>Am Sonntag findet unserer Gottesdienst um <strong>17.00 Uhr in der Gemeinde Gottes<\/strong>, Rielasinger Stra\u00dfe 1 ein.<\/p>\n<p>Wir freuen uns \u00fcber die M\u00f6glichkeit, dort gemeinsam Gottesdienst zu feiern. Vielen sind die R\u00e4ume der &gt;alten Friedenskirche&lt; noch vertraut.<\/p>\n<p>Benjamin Siegel predigt \u00fcber Jesaja 43:18-19 zu dem Thema: &#8222;Ich will Neues schaffen&#8220; und wir sind gespannt, welche Botschaft Gott f\u00fcr uns hat.<\/p>\n<p>F\u00fcr die Kinder wird parallel ein Kindergottesdienst angeboten.<\/p>\n<p>Nach dem Gottesdienst laden wir alle, die m\u00f6gen, zu einem kleinen <strong>&#8222;Bring &amp; Share&#8220; &#8211; Abendessen<\/strong> ein. Wenn jeder, der teilnehmen m\u00f6chte, eine Kleinigkeit Finger Food mitbringt, werden wir ein buntgemischtes Abendbrot genie\u00dfen k\u00f6nnen und noch etwas Gemeinschaft haben. Beispiele f\u00fcr F inger Food k\u00f6nnten sein: Pizzaschnecken, Rohkost, belegte Br\u00f6tchen, Butterbrezeln, K\u00e4sespie\u00dfe o.\u00e4. &#8211; halt alles was kein Besteck ben\u00f6tigt.<\/p>\n<p>Herzliche Einladung!<\/p>\n<p>&nbsp;<\/p>\n<p>&nbsp;<\/p>\n","protected":false},"excerpt":{"rendered":"","protected":false},"author":6,"featured_media":0,"comment_status":"open","ping_status":"open","sticky":false,"template":"","format":"standard","meta":{"footnotes":""},"categories":[63],"tags":[],"class_list":["post-5449","post","type-post","status-publish","format-standard","hentry","category-gemeindeleben"],"_links":{"self":[{"href":"https:\/\/www.friedenskirche.de\/index.php\/wp-json\/wp\/v2\/posts\/5449","targetHints":{"allow":["GET"]}}],"collection":[{"href":"https:\/\/www.friedenskirche.de\/index.php\/wp-json\/wp\/v2\/posts"}],"about":[{"href":"https:\/\/www.friedenskirche.de\/index.php\/wp-json\/wp\/v2\/types\/post"}],"author":[{"embeddable":true,"href":"https:\/\/www.friedenskirche.de\/index.php\/wp-json\/wp\/v2\/users\/6"}],"replies":[{"embeddable":true,"href":"https:\/\/www.friedenskirche.de\/index.php\/wp-json\/wp\/v2\/comments?post=5449"}],"version-history":[{"count":5,"href":"https:\/\/www.friedenskirche.de\/index.php\/wp-json\/wp\/v2\/posts\/5449\/revisions"}],"predecessor-version":[{"id":5453,"href":"https:\/\/www.friedenskirche.de\/index.php\/wp-json\/wp\/v2\/posts\/5449\/revisions\/5453"}],"wp:attachment":[{"href":"https:\/\/www.friedenskirche.de\/index.php\/wp-json\/wp\/v2\/media?parent=5449"}],"wp:term":[{"taxonomy":"category","embeddable":true,"href":"https:\/\/www.friedenskirche.de\/index.php\/wp-json\/wp\/v2\/categories?post=5449"},{"taxonomy":"post_tag","embeddable":true,"href":"https:\/\/www.friedenskirche.de\/index.php\/wp-json\/wp\/v2\/tags?post=5449"}],"curies":[{"name":"wp","href":"https:\/\/api.w.org\/{rel}","templated":true}]}}