{"id":5446,"date":"2022-04-08T11:08:51","date_gmt":"2022-04-08T09:08:51","guid":{"rendered":"https:\/\/www.friedenskirche.de\/?p=5446"},"modified":"2022-04-08T11:18:23","modified_gmt":"2022-04-08T09:18:23","slug":"europe-prays-together","status":"publish","type":"post","link":"https:\/\/www.friedenskirche.de\/index.php\/2022\/04\/08\/europe-prays-together\/","title":{"rendered":"Europe Prays Together"},"content":{"rendered":"<p>Liebe Freunde,<br \/>\n\u201eEurope Prays Together\u201c war eine wunderbare Aktion, f\u00fcr die wir noch immer \u00fcberaus dankbar sind. Bereits w\u00e4hrend der 7 Tage des Gebets konnten wir sehen, dass die dramatische Situation sich ein wenig zu deeskalieren begann, dennoch bleibt der Krieg und das damit verbundene Leid weiterhin ein dringendes Anliegen f\u00fcr weiteres Gebet. Aus diesem Grund wollen wir Euch einladen, in den n\u00e4chsten vier Wochen dieses Fenster des gemeinsamen Gebets weiter offen zu halten. Konkret laden wir Euch ein, an Mittwochabenden von 18:00 bis 18:45 Uhr an einem Zoom-Gebet teilzunehmen. Dieses werden wir auch auf YouTube streamen (auf www.europepraystogether.org), sodass noch mehr Leute daran teilnehmen k\u00f6nnen. Der erste Termin ist der Mittwoch vor Ostern, 13.4.<br \/>\nUnten steht der Link, der dann f\u00fcr alle 4 Treffen derselbe sein wird (20.4., 27.4., 4.5.) Wir w\u00fcrden uns sehr freuen, wenn Ihr dabei sein! Gerne d\u00fcrft Ihr Leiter von Kirchen, Gemeinschaften und Werken, sowie Gebetsleiter mit dieser Mail zur Teilnahme einladen.<br \/>\nF\u00fcr das Initiatorenteam,<br \/>\nEuer Johannes Hartl<\/p>\n<p>LINK : https:\/\/us02web.zoom.us\/j\/89624689915?pwd=QTVjWWwxTGNyYzdqaHpDYlhTb1FxQT09<\/p>\n","protected":false},"excerpt":{"rendered":"","protected":false},"author":4,"featured_media":5447,"comment_status":"open","ping_status":"open","sticky":false,"template":"","format":"standard","meta":{"footnotes":""},"categories":[63],"tags":[],"class_list":["post-5446","post","type-post","status-publish","format-standard","has-post-thumbnail","hentry","category-gemeindeleben"],"_links":{"self":[{"href":"https:\/\/www.friedenskirche.de\/index.php\/wp-json\/wp\/v2\/posts\/5446","targetHints":{"allow":["GET"]}}],"collection":[{"href":"https:\/\/www.friedenskirche.de\/index.php\/wp-json\/wp\/v2\/posts"}],"about":[{"href":"https:\/\/www.friedenskirche.de\/index.php\/wp-json\/wp\/v2\/types\/post"}],"author":[{"embeddable":true,"href":"https:\/\/www.friedenskirche.de\/index.php\/wp-json\/wp\/v2\/users\/4"}],"replies":[{"embeddable":true,"href":"https:\/\/www.friedenskirche.de\/index.php\/wp-json\/wp\/v2\/comments?post=5446"}],"version-history":[{"count":1,"href":"https:\/\/www.friedenskirche.de\/index.php\/wp-json\/wp\/v2\/posts\/5446\/revisions"}],"predecessor-version":[{"id":5448,"href":"https:\/\/www.friedenskirche.de\/index.php\/wp-json\/wp\/v2\/posts\/5446\/revisions\/5448"}],"wp:featuredmedia":[{"embeddable":true,"href":"https:\/\/www.friedenskirche.de\/index.php\/wp-json\/wp\/v2\/media\/5447"}],"wp:attachment":[{"href":"https:\/\/www.friedenskirche.de\/index.php\/wp-json\/wp\/v2\/media?parent=5446"}],"wp:term":[{"taxonomy":"category","embeddable":true,"href":"https:\/\/www.friedenskirche.de\/index.php\/wp-json\/wp\/v2\/categories?post=5446"},{"taxonomy":"post_tag","embeddable":true,"href":"https:\/\/www.friedenskirche.de\/index.php\/wp-json\/wp\/v2\/tags?post=5446"}],"curies":[{"name":"wp","href":"https:\/\/api.w.org\/{rel}","templated":true}]}}