{"id":5421,"date":"2022-03-28T07:39:34","date_gmt":"2022-03-28T05:39:34","guid":{"rendered":"https:\/\/www.friedenskirche.de\/?p=5421"},"modified":"2022-03-28T17:25:42","modified_gmt":"2022-03-28T15:25:42","slug":"friedenskirchler-feiern-wiesengottesdienst-gegenueber-der-brandruine","status":"publish","type":"post","link":"https:\/\/www.friedenskirche.de\/index.php\/2022\/03\/28\/friedenskirchler-feiern-wiesengottesdienst-gegenueber-der-brandruine\/","title":{"rendered":"Friedenskirchler feiern Wiesengottesdienst gegen\u00fcber der Brandruine"},"content":{"rendered":"<div class=\"fusion-fullwidth fullwidth-box fusion-builder-row-1 fusion-flex-container nonhundred-percent-fullwidth non-hundred-percent-height-scrolling\" style=\"--awb-border-radius-top-left:0px;--awb-border-radius-top-right:0px;--awb-border-radius-bottom-right:0px;--awb-border-radius-bottom-left:0px;--awb-flex-wrap:wrap;\" ><div class=\"fusion-builder-row fusion-row fusion-flex-align-items-flex-start fusion-flex-content-wrap\" style=\"max-width:1331.2px;margin-left: calc(-4% \/ 2 );margin-right: calc(-4% \/ 2 );\"><div class=\"fusion-layout-column fusion_builder_column fusion-builder-column-0 fusion_builder_column_1_1 1_1 fusion-flex-column\" style=\"--awb-bg-size:cover;--awb-width-large:100%;--awb-margin-top-large:0px;--awb-spacing-right-large:1.92%;--awb-margin-bottom-large:0px;--awb-spacing-left-large:1.92%;--awb-width-medium:100%;--awb-spacing-right-medium:1.92%;--awb-spacing-left-medium:1.92%;--awb-width-small:100%;--awb-spacing-right-small:1.92%;--awb-spacing-left-small:1.92%;\"><div class=\"fusion-column-wrapper fusion-flex-justify-content-flex-start fusion-content-layout-column\"><div class=\"fusion-text fusion-text-1\" style=\"--awb-text-transform:none;\"><p>Die G\u00fcte des Herrn hat kein Ende,<br \/>Sein Erbarmen h\u00f6rt niemals auf.<br \/>Es ist neu jeden Morgen!<br \/>Gro\u00df ist deine Treue, o Herr!<\/p>\n<p>Ja, wir d\u00fcrfen noch traurig sein wegen des Verlustes unseres Gemeindezentrums an diesem Sonntag \u201eLaetare\u201c, der uns zur Freude einl\u00e4dt.<br \/>Und wir sind voller Hoffnung und Zuversicht, dass Gott seinen Weg mit uns als Gemeinde weitergeht und uns neue Perspektiven zeigt. Er k\u00fcmmert sich auch um jede und jeden einzelnen, das war die zentrale Botschaft der Verk\u00fcndigung heute.<\/p>\n<p>Diesen Gott hat unsere Gemeinde heute im Gottesdienst und Abendmahl auf der Wiese bei sch\u00f6nstem Sonnenschein gefeiert, Junge und Alte aus vielen Nationalit\u00e4ten, mit Improvisation und ausgeliehener Technik (ein gro\u00dfes Dankesch\u00f6n an die Ausleiher!), mit Musik, Gebet und gro\u00dfer Dankbarkeit im Herzen. Wir feierten \u201eLaetare\u201c.<\/p>\n<p>Sch\u00f6n, dass ihr alle dabei seid, Gemeinschaft tut gut und st\u00e4rkt uns!<br \/>Wie es weitergeht? Gott wird\u2018s zeigen!<\/p>\n<\/div><div class=\"fusion-video fusion-youtube\" style=\"--awb-max-width:600px;--awb-max-height:360px;\"><div class=\"video-shortcode\"><div class=\"fluid-width-video-wrapper\" style=\"padding-top:60%;\" ><iframe title=\"YouTube video player 1\" src=\"https:\/\/www.youtube.com\/embed\/yq8CBHtls0M?wmode=transparent&autoplay=0\" width=\"600\" height=\"360\" allowfullscreen allow=\"autoplay; clipboard-write; encrypted-media; gyroscope; picture-in-picture;\"><\/iframe><\/div><\/div><\/div><div class=\"awb-gallery-wrapper awb-gallery-wrapper-1 button-span-no\"><div style=\"margin:-5px;--awb-bordersize:0px;\" class=\"fusion-gallery fusion-gallery-container fusion-grid-3 fusion-columns-total-4 fusion-gallery-layout-grid fusion-gallery-1\"><div style=\"padding:5px;\" class=\"fusion-grid-column fusion-gallery-column fusion-gallery-column-3 hover-type-none\"><div class=\"fusion-gallery-image\"><a href=\"https:\/\/www.friedenskirche.de\/wp-content\/uploads\/2022\/03\/Godi-27_3_22.jpg\" rel=\"noreferrer\" data-rel=\"iLightbox[gallery_image_1]\" class=\"fusion-lightbox\" target=\"_self\"><img decoding=\"async\" src=\"https:\/\/www.friedenskirche.de\/wp-content\/uploads\/2022\/03\/Godi-27_3_22.jpg\" data-orig-src=\"https:\/\/www.friedenskirche.de\/wp-content\/uploads\/2022\/03\/Godi-27_3_22.jpg\" width=\"1440\" height=\"1085\" alt=\"\" title=\"Godi 27_3_22\" aria-label=\"Godi 27_3_22\" class=\"lazyload img-responsive wp-image-5424\" srcset=\"data:image\/svg+xml,%3Csvg%20xmlns%3D%27http%3A%2F%2Fwww.w3.org%2F2000%2Fsvg%27%20width%3D%271440%27%20height%3D%271085%27%20viewBox%3D%270%200%201440%201085%27%3E%3Crect%20width%3D%271440%27%20height%3D%271085%27%20fill-opacity%3D%220%22%2F%3E%3C%2Fsvg%3E\" data-srcset=\"https:\/\/www.friedenskirche.de\/wp-content\/uploads\/2022\/03\/Godi-27_3_22-200x151.jpg 200w, https:\/\/www.friedenskirche.de\/wp-content\/uploads\/2022\/03\/Godi-27_3_22-400x301.jpg 400w, https:\/\/www.friedenskirche.de\/wp-content\/uploads\/2022\/03\/Godi-27_3_22-600x452.jpg 600w, https:\/\/www.friedenskirche.de\/wp-content\/uploads\/2022\/03\/Godi-27_3_22-800x603.jpg 800w, https:\/\/www.friedenskirche.de\/wp-content\/uploads\/2022\/03\/Godi-27_3_22-1200x904.jpg 1200w, https:\/\/www.friedenskirche.de\/wp-content\/uploads\/2022\/03\/Godi-27_3_22.jpg 1440w\" data-sizes=\"auto\" data-orig-sizes=\"(min-width: 2200px) 100vw, (min-width: 824px) 423px, (min-width: 732px) 635px, (min-width: 640px) 732px, \" \/><\/a><\/div><\/div><div style=\"padding:5px;\" class=\"fusion-grid-column fusion-gallery-column fusion-gallery-column-3 hover-type-none\"><div class=\"fusion-gallery-image\"><a href=\"https:\/\/www.friedenskirche.de\/wp-content\/uploads\/2022\/03\/Godi-27_03_22_2.jpg\" rel=\"noreferrer\" data-rel=\"iLightbox[gallery_image_1]\" class=\"fusion-lightbox\" target=\"_self\"><img decoding=\"async\" src=\"https:\/\/www.friedenskirche.de\/wp-content\/uploads\/2022\/03\/Godi-27_03_22_2.jpg\" data-orig-src=\"https:\/\/www.friedenskirche.de\/wp-content\/uploads\/2022\/03\/Godi-27_03_22_2.jpg\" width=\"1440\" height=\"1082\" alt=\"\" title=\"Godi 27_03_22_2\" aria-label=\"Godi 27_03_22_2\" class=\"lazyload img-responsive wp-image-5422\" srcset=\"data:image\/svg+xml,%3Csvg%20xmlns%3D%27http%3A%2F%2Fwww.w3.org%2F2000%2Fsvg%27%20width%3D%271440%27%20height%3D%271082%27%20viewBox%3D%270%200%201440%201082%27%3E%3Crect%20width%3D%271440%27%20height%3D%271082%27%20fill-opacity%3D%220%22%2F%3E%3C%2Fsvg%3E\" data-srcset=\"https:\/\/www.friedenskirche.de\/wp-content\/uploads\/2022\/03\/Godi-27_03_22_2-200x150.jpg 200w, https:\/\/www.friedenskirche.de\/wp-content\/uploads\/2022\/03\/Godi-27_03_22_2-400x301.jpg 400w, https:\/\/www.friedenskirche.de\/wp-content\/uploads\/2022\/03\/Godi-27_03_22_2-600x451.jpg 600w, https:\/\/www.friedenskirche.de\/wp-content\/uploads\/2022\/03\/Godi-27_03_22_2-800x601.jpg 800w, https:\/\/www.friedenskirche.de\/wp-content\/uploads\/2022\/03\/Godi-27_03_22_2-1200x902.jpg 1200w, https:\/\/www.friedenskirche.de\/wp-content\/uploads\/2022\/03\/Godi-27_03_22_2.jpg 1440w\" data-sizes=\"auto\" data-orig-sizes=\"(min-width: 2200px) 100vw, (min-width: 824px) 423px, (min-width: 732px) 635px, (min-width: 640px) 732px, \" \/><\/a><\/div><\/div><div style=\"padding:5px;\" class=\"fusion-grid-column fusion-gallery-column fusion-gallery-column-3 hover-type-none\"><div class=\"fusion-gallery-image\"><a href=\"https:\/\/www.friedenskirche.de\/wp-content\/uploads\/2022\/03\/Godi-27_03_22_04.jpg\" rel=\"noreferrer\" data-rel=\"iLightbox[gallery_image_1]\" class=\"fusion-lightbox\" target=\"_self\"><img decoding=\"async\" src=\"https:\/\/www.friedenskirche.de\/wp-content\/uploads\/2022\/03\/Godi-27_03_22_04.jpg\" data-orig-src=\"https:\/\/www.friedenskirche.de\/wp-content\/uploads\/2022\/03\/Godi-27_03_22_04.jpg\" width=\"1440\" height=\"1082\" alt=\"\" title=\"Godi 27_03_22_04\" aria-label=\"Godi 27_03_22_04\" class=\"lazyload img-responsive wp-image-5423\" srcset=\"data:image\/svg+xml,%3Csvg%20xmlns%3D%27http%3A%2F%2Fwww.w3.org%2F2000%2Fsvg%27%20width%3D%271440%27%20height%3D%271082%27%20viewBox%3D%270%200%201440%201082%27%3E%3Crect%20width%3D%271440%27%20height%3D%271082%27%20fill-opacity%3D%220%22%2F%3E%3C%2Fsvg%3E\" data-srcset=\"https:\/\/www.friedenskirche.de\/wp-content\/uploads\/2022\/03\/Godi-27_03_22_04-200x150.jpg 200w, https:\/\/www.friedenskirche.de\/wp-content\/uploads\/2022\/03\/Godi-27_03_22_04-400x301.jpg 400w, https:\/\/www.friedenskirche.de\/wp-content\/uploads\/2022\/03\/Godi-27_03_22_04-600x451.jpg 600w, https:\/\/www.friedenskirche.de\/wp-content\/uploads\/2022\/03\/Godi-27_03_22_04-800x601.jpg 800w, https:\/\/www.friedenskirche.de\/wp-content\/uploads\/2022\/03\/Godi-27_03_22_04-1200x902.jpg 1200w, https:\/\/www.friedenskirche.de\/wp-content\/uploads\/2022\/03\/Godi-27_03_22_04.jpg 1440w\" data-sizes=\"auto\" data-orig-sizes=\"(min-width: 2200px) 100vw, (min-width: 824px) 423px, (min-width: 732px) 635px, (min-width: 640px) 732px, \" \/><\/a><\/div><\/div><div class=\"clearfix\"><\/div><div style=\"padding:5px;\" class=\"fusion-grid-column fusion-gallery-column fusion-gallery-column-3 hover-type-none\"><div class=\"fusion-gallery-image\"><a href=\"https:\/\/www.friedenskirche.de\/wp-content\/uploads\/2022\/03\/Godi_27_03_22_03.jpg\" rel=\"noreferrer\" data-rel=\"iLightbox[gallery_image_1]\" class=\"fusion-lightbox\" target=\"_self\"><img decoding=\"async\" src=\"https:\/\/www.friedenskirche.de\/wp-content\/uploads\/2022\/03\/Godi_27_03_22_03.jpg\" data-orig-src=\"https:\/\/www.friedenskirche.de\/wp-content\/uploads\/2022\/03\/Godi_27_03_22_03.jpg\" width=\"1440\" height=\"1082\" alt=\"\" title=\"Godi_27_03_22_03\" aria-label=\"Godi_27_03_22_03\" class=\"lazyload img-responsive wp-image-5425\" srcset=\"data:image\/svg+xml,%3Csvg%20xmlns%3D%27http%3A%2F%2Fwww.w3.org%2F2000%2Fsvg%27%20width%3D%271440%27%20height%3D%271082%27%20viewBox%3D%270%200%201440%201082%27%3E%3Crect%20width%3D%271440%27%20height%3D%271082%27%20fill-opacity%3D%220%22%2F%3E%3C%2Fsvg%3E\" data-srcset=\"https:\/\/www.friedenskirche.de\/wp-content\/uploads\/2022\/03\/Godi_27_03_22_03-200x150.jpg 200w, https:\/\/www.friedenskirche.de\/wp-content\/uploads\/2022\/03\/Godi_27_03_22_03-400x301.jpg 400w, https:\/\/www.friedenskirche.de\/wp-content\/uploads\/2022\/03\/Godi_27_03_22_03-600x451.jpg 600w, https:\/\/www.friedenskirche.de\/wp-content\/uploads\/2022\/03\/Godi_27_03_22_03-800x601.jpg 800w, https:\/\/www.friedenskirche.de\/wp-content\/uploads\/2022\/03\/Godi_27_03_22_03-1200x902.jpg 1200w, https:\/\/www.friedenskirche.de\/wp-content\/uploads\/2022\/03\/Godi_27_03_22_03.jpg 1440w\" data-sizes=\"auto\" data-orig-sizes=\"(min-width: 2200px) 100vw, (min-width: 824px) 423px, (min-width: 732px) 635px, (min-width: 640px) 732px, \" \/><\/a><\/div><\/div><\/div><\/div><\/div><\/div><\/div><\/div>\n","protected":false},"excerpt":{"rendered":"","protected":false},"author":4,"featured_media":5423,"comment_status":"open","ping_status":"open","sticky":false,"template":"","format":"standard","meta":{"footnotes":""},"categories":[2],"tags":[],"class_list":["post-5421","post","type-post","status-publish","format-standard","has-post-thumbnail","hentry","category-gottesdienste"],"_links":{"self":[{"href":"https:\/\/www.friedenskirche.de\/index.php\/wp-json\/wp\/v2\/posts\/5421","targetHints":{"allow":["GET"]}}],"collection":[{"href":"https:\/\/www.friedenskirche.de\/index.php\/wp-json\/wp\/v2\/posts"}],"about":[{"href":"https:\/\/www.friedenskirche.de\/index.php\/wp-json\/wp\/v2\/types\/post"}],"author":[{"embeddable":true,"href":"https:\/\/www.friedenskirche.de\/index.php\/wp-json\/wp\/v2\/users\/4"}],"replies":[{"embeddable":true,"href":"https:\/\/www.friedenskirche.de\/index.php\/wp-json\/wp\/v2\/comments?post=5421"}],"version-history":[{"count":6,"href":"https:\/\/www.friedenskirche.de\/index.php\/wp-json\/wp\/v2\/posts\/5421\/revisions"}],"predecessor-version":[{"id":5431,"href":"https:\/\/www.friedenskirche.de\/index.php\/wp-json\/wp\/v2\/posts\/5421\/revisions\/5431"}],"wp:featuredmedia":[{"embeddable":true,"href":"https:\/\/www.friedenskirche.de\/index.php\/wp-json\/wp\/v2\/media\/5423"}],"wp:attachment":[{"href":"https:\/\/www.friedenskirche.de\/index.php\/wp-json\/wp\/v2\/media?parent=5421"}],"wp:term":[{"taxonomy":"category","embeddable":true,"href":"https:\/\/www.friedenskirche.de\/index.php\/wp-json\/wp\/v2\/categories?post=5421"},{"taxonomy":"post_tag","embeddable":true,"href":"https:\/\/www.friedenskirche.de\/index.php\/wp-json\/wp\/v2\/tags?post=5421"}],"curies":[{"name":"wp","href":"https:\/\/api.w.org\/{rel}","templated":true}]}}