{"id":5383,"date":"2022-03-21T21:34:50","date_gmt":"2022-03-21T20:34:50","guid":{"rendered":"https:\/\/www.friedenskirche.de\/?p=5383"},"modified":"2022-03-23T09:34:18","modified_gmt":"2022-03-23T08:34:18","slug":"pressemeldung-zum-brand-der-friedenskirche","status":"publish","type":"post","link":"https:\/\/www.friedenskirche.de\/index.php\/2022\/03\/21\/pressemeldung-zum-brand-der-friedenskirche\/","title":{"rendered":"Pressemeldung zum Brand der Friedenskirche"},"content":{"rendered":"<div class=\"fusion-fullwidth fullwidth-box fusion-builder-row-1 fusion-flex-container nonhundred-percent-fullwidth non-hundred-percent-height-scrolling\" style=\"--awb-border-radius-top-left:0px;--awb-border-radius-top-right:0px;--awb-border-radius-bottom-right:0px;--awb-border-radius-bottom-left:0px;--awb-flex-wrap:wrap;\" ><div class=\"fusion-builder-row fusion-row fusion-flex-align-items-flex-start fusion-flex-content-wrap\" style=\"max-width:1331.2px;margin-left: calc(-4% \/ 2 );margin-right: calc(-4% \/ 2 );\"><div class=\"fusion-layout-column fusion_builder_column fusion-builder-column-0 fusion_builder_column_1_1 1_1 fusion-flex-column\" style=\"--awb-bg-blend:overlay;--awb-bg-size:cover;--awb-width-large:100%;--awb-margin-top-large:0px;--awb-spacing-right-large:1.92%;--awb-margin-bottom-large:0px;--awb-spacing-left-large:1.92%;--awb-width-medium:100%;--awb-spacing-right-medium:1.92%;--awb-spacing-left-medium:1.92%;--awb-width-small:100%;--awb-spacing-right-small:1.92%;--awb-spacing-left-small:1.92%;\"><div class=\"fusion-column-wrapper fusion-flex-justify-content-flex-start fusion-content-layout-column\"><div class=\"fusion-text fusion-text-1\" style=\"--awb-text-transform:none;\"><p class=\"western\"><span style=\"font-size: small;\"> Singen, 21.M\u00e4rz 2022<\/span><\/p>\n<p class=\"western\" align=\"justify\"><span style=\"font-size: small;\">Zutiefst ersch\u00fcttert steht die Gemeinde der Friedenskirche vor der Ruine ihres Gemeindezentrums in Singen. Kirche und Gemeindehaus wurden in der Nacht vom 20. auf den 21. M\u00e4rz 2022 das Opfer eines Vollbrands.<\/span><\/p>\n<p class=\"western\" align=\"justify\"><span style=\"font-size: small;\">Trotz des Gro\u00dfeinsatzes der Feuerwehren aus Singen und Rielasingen konnte das Gemeindezentrum nicht gerettet werden und brannte vollkommen ab. Die Brandursachenermittlung l\u00e4uft noch. <\/span><\/p>\n<p class=\"western\" align=\"justify\"><span style=\"font-size: small;\">Noch in der Nacht versammelten sich Teile der Gemeinde sowie deren Pastor im Ruhestand und Oberb\u00fcrgermeister H\u00e4usler vor der brennenden Kirche und mussten der Katastrophe ohnm\u00e4chtig zusehen. Nicht nur die Baptistengemeinde verliert ihr Gemeindezentrum, auch die dort beheimatete Kindertagespflege \u201eFriedolinos\u201c hat ihre R\u00e4umlichkeiten verloren. <\/span><\/p>\n<p class=\"western\" align=\"justify\"><span style=\"font-size: small;\">In den Singener Kirchen herrscht gro\u00dfe Betroffenheit und Anteilnahme. Vom Arbeitskreis Christlicher Kirchen sowie der Evangelischen Allianz und vielen mehr erreicht die Gemeinde Angebote f\u00fcr vor\u00fcbergehende Ausweichstandorte.<\/span><\/p>\n<p class=\"western\" align=\"justify\"><a name=\"_GoBack\"><\/a> <span style=\"font-size: small;\">Die \u201eneue\u201c Friedenskirche wurde unter gro\u00dfem Arbeitseinsatz der Gemeindemitglieder gebaut und am 9. Mai 1993 als Ersatzbau f\u00fcr die zu klein gewordene erste Friedenskirche in der Rielasinger Str. 1 eingeweiht. Es wurde gerne gefeiert, gepredigt, getauft, geheiratet, musiziert, gespielt, getrauert, Beziehungen gepflegt, Gemeinde und Gemeinschaft gelebt und das nicht nur in den Gottesdiensten. Die Kirche war f\u00fcr viele ein zweites Zuhause und der Glaube an Jesus Christus, unseren Retter und Erl\u00f6ser hat uns in unserer Verschiedenheit geeint. Er ist das Zentrum, was auch das Kreuz auf unserem Kirchturm symbolisiert, das auch nach dem Brand heute Morgen in den blauen Himmel ragt und von den Flammen verschont geblieben ist. <\/span><\/p>\n<p class=\"western\" align=\"justify\"><span style=\"color: #000000;\">\u201e<span style=\"font-size: small;\">So sehr wir auch an unserem Gemeindehaus h\u00e4ngen, es ist nicht die Gemeinde &#8211; die Gemeinde sind wir! Wir wissen noch nicht, wie und wo es f\u00fcr uns r\u00e4umlich weiter gehen wird, wollen beten und auf Gott vertrauen, dass er uns seinen Weg zeigen wird, T\u00fcren \u00f6ffnet und alles schenkt, was wir in dieser Situation brauchen\u201c, so Gemeindeleiter Maximilian Stroscher. <\/span><\/span><\/p>\n<\/div><div class=\"awb-gallery-wrapper awb-gallery-wrapper-1 button-span-no\"><div style=\"margin:-5px;--awb-bordersize:0px;\" class=\"fusion-gallery fusion-gallery-container fusion-grid-3 fusion-columns-total-4 fusion-gallery-layout-grid fusion-gallery-1\"><div style=\"padding:5px;\" class=\"fusion-grid-column fusion-gallery-column fusion-gallery-column-3 hover-type-none\"><div class=\"fusion-gallery-image\"><a href=\"https:\/\/www.friedenskirche.de\/wp-content\/uploads\/2022\/03\/M.-Stroscher-scaled.jpg\" rel=\"noreferrer\" data-rel=\"iLightbox[gallery_image_1]\" class=\"fusion-lightbox\" target=\"_self\"><img decoding=\"async\" src=\"https:\/\/www.friedenskirche.de\/wp-content\/uploads\/2022\/03\/M.-Stroscher-scaled.jpg\" data-orig-src=\"https:\/\/www.friedenskirche.de\/wp-content\/uploads\/2022\/03\/M.-Stroscher-scaled.jpg\" width=\"2560\" height=\"1920\" alt=\"\" title=\"M. Stroscher\" aria-label=\"M. Stroscher\" class=\"lazyload img-responsive wp-image-5404\" srcset=\"data:image\/svg+xml,%3Csvg%20xmlns%3D%27http%3A%2F%2Fwww.w3.org%2F2000%2Fsvg%27%20width%3D%272560%27%20height%3D%271920%27%20viewBox%3D%270%200%202560%201920%27%3E%3Crect%20width%3D%272560%27%20height%3D%271920%27%20fill-opacity%3D%220%22%2F%3E%3C%2Fsvg%3E\" data-srcset=\"https:\/\/www.friedenskirche.de\/wp-content\/uploads\/2022\/03\/M.-Stroscher-200x150.jpg 200w, https:\/\/www.friedenskirche.de\/wp-content\/uploads\/2022\/03\/M.-Stroscher-400x300.jpg 400w, https:\/\/www.friedenskirche.de\/wp-content\/uploads\/2022\/03\/M.-Stroscher-600x450.jpg 600w, https:\/\/www.friedenskirche.de\/wp-content\/uploads\/2022\/03\/M.-Stroscher-800x600.jpg 800w, https:\/\/www.friedenskirche.de\/wp-content\/uploads\/2022\/03\/M.-Stroscher-1200x900.jpg 1200w, https:\/\/www.friedenskirche.de\/wp-content\/uploads\/2022\/03\/M.-Stroscher-scaled.jpg 2560w\" data-sizes=\"auto\" data-orig-sizes=\"(min-width: 2200px) 100vw, (min-width: 824px) 423px, (min-width: 732px) 635px, (min-width: 640px) 732px, \" \/><\/a><\/div><\/div><div style=\"padding:5px;\" class=\"fusion-grid-column fusion-gallery-column fusion-gallery-column-3 hover-type-none\"><div class=\"fusion-gallery-image\"><a href=\"https:\/\/www.friedenskirche.de\/wp-content\/uploads\/2022\/03\/Brandmorgen-Strassenansicht-Langhaus-und-KirchturmStroscher--scaled.jpg\" rel=\"noreferrer\" data-rel=\"iLightbox[gallery_image_1]\" class=\"fusion-lightbox\" target=\"_self\"><img decoding=\"async\" src=\"https:\/\/www.friedenskirche.de\/wp-content\/uploads\/2022\/03\/Brandmorgen-Strassenansicht-Langhaus-und-KirchturmStroscher--scaled.jpg\" data-orig-src=\"https:\/\/www.friedenskirche.de\/wp-content\/uploads\/2022\/03\/Brandmorgen-Strassenansicht-Langhaus-und-KirchturmStroscher--scaled.jpg\" width=\"1920\" height=\"2560\" alt=\"\" title=\"Brandmorgen-Stra\u00dfenansicht-Langhaus und Kirchturm(Stroscher)\" aria-label=\"Brandmorgen-Stra\u00dfenansicht-Langhaus und Kirchturm(Stroscher)\" class=\"lazyload img-responsive wp-image-5408\" srcset=\"data:image\/svg+xml,%3Csvg%20xmlns%3D%27http%3A%2F%2Fwww.w3.org%2F2000%2Fsvg%27%20width%3D%271920%27%20height%3D%272560%27%20viewBox%3D%270%200%201920%202560%27%3E%3Crect%20width%3D%271920%27%20height%3D%272560%27%20fill-opacity%3D%220%22%2F%3E%3C%2Fsvg%3E\" data-srcset=\"https:\/\/www.friedenskirche.de\/wp-content\/uploads\/2022\/03\/Brandmorgen-Strassenansicht-Langhaus-und-KirchturmStroscher--200x267.jpg 200w, https:\/\/www.friedenskirche.de\/wp-content\/uploads\/2022\/03\/Brandmorgen-Strassenansicht-Langhaus-und-KirchturmStroscher--400x533.jpg 400w, https:\/\/www.friedenskirche.de\/wp-content\/uploads\/2022\/03\/Brandmorgen-Strassenansicht-Langhaus-und-KirchturmStroscher--600x800.jpg 600w, https:\/\/www.friedenskirche.de\/wp-content\/uploads\/2022\/03\/Brandmorgen-Strassenansicht-Langhaus-und-KirchturmStroscher--800x1067.jpg 800w, https:\/\/www.friedenskirche.de\/wp-content\/uploads\/2022\/03\/Brandmorgen-Strassenansicht-Langhaus-und-KirchturmStroscher--1200x1600.jpg 1200w, https:\/\/www.friedenskirche.de\/wp-content\/uploads\/2022\/03\/Brandmorgen-Strassenansicht-Langhaus-und-KirchturmStroscher--scaled.jpg 1920w\" data-sizes=\"auto\" data-orig-sizes=\"(min-width: 2200px) 100vw, (min-width: 824px) 423px, (min-width: 732px) 635px, (min-width: 640px) 732px, \" \/><\/a><\/div><\/div><div style=\"padding:5px;\" class=\"fusion-grid-column fusion-gallery-column fusion-gallery-column-3 hover-type-none\"><div class=\"fusion-gallery-image\"><a href=\"https:\/\/www.friedenskirche.de\/wp-content\/uploads\/2022\/03\/Brandmorgen-Ansicht-von-hinten-Gottesdienstraum-3Stroscher-scaled.jpg\" rel=\"noreferrer\" data-rel=\"iLightbox[gallery_image_1]\" class=\"fusion-lightbox\" target=\"_self\"><img decoding=\"async\" src=\"https:\/\/www.friedenskirche.de\/wp-content\/uploads\/2022\/03\/Brandmorgen-Ansicht-von-hinten-Gottesdienstraum-3Stroscher-scaled.jpg\" data-orig-src=\"https:\/\/www.friedenskirche.de\/wp-content\/uploads\/2022\/03\/Brandmorgen-Ansicht-von-hinten-Gottesdienstraum-3Stroscher-scaled.jpg\" width=\"2560\" height=\"1920\" alt=\"\" title=\"Brandmorgen-Ansicht von hinten-Gottesdienstraum 3(Stroscher)\" aria-label=\"Brandmorgen-Ansicht von hinten-Gottesdienstraum 3(Stroscher)\" class=\"lazyload img-responsive wp-image-5407\" srcset=\"data:image\/svg+xml,%3Csvg%20xmlns%3D%27http%3A%2F%2Fwww.w3.org%2F2000%2Fsvg%27%20width%3D%272560%27%20height%3D%271920%27%20viewBox%3D%270%200%202560%201920%27%3E%3Crect%20width%3D%272560%27%20height%3D%271920%27%20fill-opacity%3D%220%22%2F%3E%3C%2Fsvg%3E\" data-srcset=\"https:\/\/www.friedenskirche.de\/wp-content\/uploads\/2022\/03\/Brandmorgen-Ansicht-von-hinten-Gottesdienstraum-3Stroscher-200x150.jpg 200w, https:\/\/www.friedenskirche.de\/wp-content\/uploads\/2022\/03\/Brandmorgen-Ansicht-von-hinten-Gottesdienstraum-3Stroscher-400x300.jpg 400w, https:\/\/www.friedenskirche.de\/wp-content\/uploads\/2022\/03\/Brandmorgen-Ansicht-von-hinten-Gottesdienstraum-3Stroscher-600x450.jpg 600w, https:\/\/www.friedenskirche.de\/wp-content\/uploads\/2022\/03\/Brandmorgen-Ansicht-von-hinten-Gottesdienstraum-3Stroscher-800x600.jpg 800w, https:\/\/www.friedenskirche.de\/wp-content\/uploads\/2022\/03\/Brandmorgen-Ansicht-von-hinten-Gottesdienstraum-3Stroscher-1200x900.jpg 1200w, https:\/\/www.friedenskirche.de\/wp-content\/uploads\/2022\/03\/Brandmorgen-Ansicht-von-hinten-Gottesdienstraum-3Stroscher-scaled.jpg 2560w\" data-sizes=\"auto\" data-orig-sizes=\"(min-width: 2200px) 100vw, (min-width: 824px) 423px, (min-width: 732px) 635px, (min-width: 640px) 732px, \" \/><\/a><\/div><\/div><div class=\"clearfix\"><\/div><div style=\"padding:5px;\" class=\"fusion-grid-column fusion-gallery-column fusion-gallery-column-3 hover-type-none\"><div class=\"fusion-gallery-image\"><a href=\"https:\/\/www.friedenskirche.de\/wp-content\/uploads\/2022\/03\/Brandmorgen-Ansicht-von-hinten-Gottesdienstraum-Cafe-Langhaus-Stroscher-scaled.jpg\" rel=\"noreferrer\" data-rel=\"iLightbox[gallery_image_1]\" class=\"fusion-lightbox\" target=\"_self\"><img decoding=\"async\" src=\"https:\/\/www.friedenskirche.de\/wp-content\/uploads\/2022\/03\/Brandmorgen-Ansicht-von-hinten-Gottesdienstraum-Cafe-Langhaus-Stroscher-scaled.jpg\" data-orig-src=\"https:\/\/www.friedenskirche.de\/wp-content\/uploads\/2022\/03\/Brandmorgen-Ansicht-von-hinten-Gottesdienstraum-Cafe-Langhaus-Stroscher-scaled.jpg\" width=\"2560\" height=\"1920\" alt=\"\" title=\"Brandmorgen-Ansicht von hinten-Gottesdienstraum, Cafe, Langhaus (Stroscher)\" aria-label=\"Brandmorgen-Ansicht von hinten-Gottesdienstraum, Cafe, Langhaus (Stroscher)\" class=\"lazyload img-responsive wp-image-5405\" srcset=\"data:image\/svg+xml,%3Csvg%20xmlns%3D%27http%3A%2F%2Fwww.w3.org%2F2000%2Fsvg%27%20width%3D%272560%27%20height%3D%271920%27%20viewBox%3D%270%200%202560%201920%27%3E%3Crect%20width%3D%272560%27%20height%3D%271920%27%20fill-opacity%3D%220%22%2F%3E%3C%2Fsvg%3E\" data-srcset=\"https:\/\/www.friedenskirche.de\/wp-content\/uploads\/2022\/03\/Brandmorgen-Ansicht-von-hinten-Gottesdienstraum-Cafe-Langhaus-Stroscher-200x150.jpg 200w, https:\/\/www.friedenskirche.de\/wp-content\/uploads\/2022\/03\/Brandmorgen-Ansicht-von-hinten-Gottesdienstraum-Cafe-Langhaus-Stroscher-400x300.jpg 400w, https:\/\/www.friedenskirche.de\/wp-content\/uploads\/2022\/03\/Brandmorgen-Ansicht-von-hinten-Gottesdienstraum-Cafe-Langhaus-Stroscher-600x450.jpg 600w, https:\/\/www.friedenskirche.de\/wp-content\/uploads\/2022\/03\/Brandmorgen-Ansicht-von-hinten-Gottesdienstraum-Cafe-Langhaus-Stroscher-800x600.jpg 800w, https:\/\/www.friedenskirche.de\/wp-content\/uploads\/2022\/03\/Brandmorgen-Ansicht-von-hinten-Gottesdienstraum-Cafe-Langhaus-Stroscher-1200x900.jpg 1200w, https:\/\/www.friedenskirche.de\/wp-content\/uploads\/2022\/03\/Brandmorgen-Ansicht-von-hinten-Gottesdienstraum-Cafe-Langhaus-Stroscher-scaled.jpg 2560w\" data-sizes=\"auto\" data-orig-sizes=\"(min-width: 2200px) 100vw, (min-width: 824px) 423px, (min-width: 732px) 635px, (min-width: 640px) 732px, \" \/><\/a><\/div><\/div><\/div><\/div><\/div><\/div><\/div><\/div>\n","protected":false},"excerpt":{"rendered":"","protected":false},"author":4,"featured_media":5384,"comment_status":"open","ping_status":"open","sticky":false,"template":"","format":"standard","meta":{"footnotes":""},"categories":[63],"tags":[],"class_list":["post-5383","post","type-post","status-publish","format-standard","has-post-thumbnail","hentry","category-gemeindeleben"],"_links":{"self":[{"href":"https:\/\/www.friedenskirche.de\/index.php\/wp-json\/wp\/v2\/posts\/5383","targetHints":{"allow":["GET"]}}],"collection":[{"href":"https:\/\/www.friedenskirche.de\/index.php\/wp-json\/wp\/v2\/posts"}],"about":[{"href":"https:\/\/www.friedenskirche.de\/index.php\/wp-json\/wp\/v2\/types\/post"}],"author":[{"embeddable":true,"href":"https:\/\/www.friedenskirche.de\/index.php\/wp-json\/wp\/v2\/users\/4"}],"replies":[{"embeddable":true,"href":"https:\/\/www.friedenskirche.de\/index.php\/wp-json\/wp\/v2\/comments?post=5383"}],"version-history":[{"count":6,"href":"https:\/\/www.friedenskirche.de\/index.php\/wp-json\/wp\/v2\/posts\/5383\/revisions"}],"predecessor-version":[{"id":5410,"href":"https:\/\/www.friedenskirche.de\/index.php\/wp-json\/wp\/v2\/posts\/5383\/revisions\/5410"}],"wp:featuredmedia":[{"embeddable":true,"href":"https:\/\/www.friedenskirche.de\/index.php\/wp-json\/wp\/v2\/media\/5384"}],"wp:attachment":[{"href":"https:\/\/www.friedenskirche.de\/index.php\/wp-json\/wp\/v2\/media?parent=5383"}],"wp:term":[{"taxonomy":"category","embeddable":true,"href":"https:\/\/www.friedenskirche.de\/index.php\/wp-json\/wp\/v2\/categories?post=5383"},{"taxonomy":"post_tag","embeddable":true,"href":"https:\/\/www.friedenskirche.de\/index.php\/wp-json\/wp\/v2\/tags?post=5383"}],"curies":[{"name":"wp","href":"https:\/\/api.w.org\/{rel}","templated":true}]}}