{"id":5303,"date":"2021-12-07T16:34:03","date_gmt":"2021-12-07T15:34:03","guid":{"rendered":"https:\/\/www.friedenskirche.de\/?p=5303"},"modified":"2021-12-08T09:20:18","modified_gmt":"2021-12-08T08:20:18","slug":"geh-in-das-land-das-ich-dir-zeigen-werde-danke-reiner-und-sigrid-de-vries","status":"publish","type":"post","link":"https:\/\/www.friedenskirche.de\/index.php\/2021\/12\/07\/geh-in-das-land-das-ich-dir-zeigen-werde-danke-reiner-und-sigrid-de-vries\/","title":{"rendered":"Geh in das Land, das ich dir zeigen werde! Danke, Reiner und Sigrid de Vries"},"content":{"rendered":"<p>Die Friedenskirche Singen hat Pastor Reiner und Sigrid de Vries in einem fr\u00f6hlich-bunten Gottesdienst am 1. Advent in den Ruhestand verabschiedet.<\/p>\n<p>Mit gro\u00dfer Dankbarkeit blicken wir Singener auf den Dienst unseres langj\u00e4hrigen Pastors zur\u00fcck. Seit 2009 haben Sigrid und Reiner de Vries das Gemeindeleben in der Friedenskirche begleitet, gestaltet, entwickelt und das mit vielen Akzenten: Predigten zum Lernen und\u00a0Leben, fr\u00f6hliche, kreative Gottesdienste mit Musik und Brunch, gemeinsames Unterwegssein und verbindendes Engagement in der Evangelischen Allianz und im Arbeitskreis Christlicher Kirchen in Singen.<\/p>\n<p>Die beruflichen Stationen f\u00fchrten Reiner nach dem Studium in Hamburg und Birmingham mit der EBM nach Sierra Leone, dann nach Hamburg Billstedt, Stuttgart Forststra\u00dfe und schlie\u00dflich in die Friedenskirche Singen und der Schaffhauser Kirche an der Hintersteig. Dabei war das zentrale Verk\u00fcndigungsanliegen von Reiner de Vries stets die Befreiung aus der Gesetzlichkeit eines angstmachenden Glaubens und die Einladung zu einem Leben in der umfassenden Freiheit, wie Jesus Christus sie schenkt. So war es selbstverst\u00e4ndlich, dass\u00a0Pastorin Anja und Pastor Thomas Bloedorn den Gedanken der Freiheit (Gal 3) in der Festpredigt und bei Reiners Entpflichtung aus dem Pastoren- und Gemeindedienst in den Mittelpunkt stellten. Viele gute W\u00fcnsche und Dankesworte von den Singener Kirchen, vom Landesverband und Bundespr\u00e4sidium sowie \u201eseinen\u201c Gemeinden in Singen und Schaffhausen begleiten Reiner und Sigrid auf den Weg in die Freiheit und Freizeit des neuen Lebensabschnitts. Und dann taufte unser Pastor a.D. bereits am 2. Adventssonntag f\u00fcnf Menschen aus seinem letzten Taufkurs mit gro\u00dfer Begeisterung in die Freiheit des Glaubens an Jesus Christus.<\/p>\n<p><img decoding=\"async\" class=\"lazyload alignnone size-full wp-image-5304\" src=\"https:\/\/www.friedenskirche.de\/wp-content\/uploads\/2021\/12\/Ehepaar-de-Vries-scaled.jpg\" data-orig-src=\"https:\/\/www.friedenskirche.de\/wp-content\/uploads\/2021\/12\/Ehepaar-de-Vries-scaled.jpg\" alt=\"\" width=\"1603\" height=\"2560\" srcset=\"data:image\/svg+xml,%3Csvg%20xmlns%3D%27http%3A%2F%2Fwww.w3.org%2F2000%2Fsvg%27%20width%3D%271603%27%20height%3D%272560%27%20viewBox%3D%270%200%201603%202560%27%3E%3Crect%20width%3D%271603%27%20height%3D%272560%27%20fill-opacity%3D%220%22%2F%3E%3C%2Fsvg%3E\" data-srcset=\"https:\/\/www.friedenskirche.de\/wp-content\/uploads\/2021\/12\/Ehepaar-de-Vries-188x300.jpg 188w, https:\/\/www.friedenskirche.de\/wp-content\/uploads\/2021\/12\/Ehepaar-de-Vries-200x319.jpg 200w, https:\/\/www.friedenskirche.de\/wp-content\/uploads\/2021\/12\/Ehepaar-de-Vries-400x639.jpg 400w, https:\/\/www.friedenskirche.de\/wp-content\/uploads\/2021\/12\/Ehepaar-de-Vries-600x958.jpg 600w, https:\/\/www.friedenskirche.de\/wp-content\/uploads\/2021\/12\/Ehepaar-de-Vries-641x1024.jpg 641w, https:\/\/www.friedenskirche.de\/wp-content\/uploads\/2021\/12\/Ehepaar-de-Vries-768x1227.jpg 768w, https:\/\/www.friedenskirche.de\/wp-content\/uploads\/2021\/12\/Ehepaar-de-Vries-800x1278.jpg 800w, https:\/\/www.friedenskirche.de\/wp-content\/uploads\/2021\/12\/Ehepaar-de-Vries-962x1536.jpg 962w, https:\/\/www.friedenskirche.de\/wp-content\/uploads\/2021\/12\/Ehepaar-de-Vries-1200x1917.jpg 1200w, https:\/\/www.friedenskirche.de\/wp-content\/uploads\/2021\/12\/Ehepaar-de-Vries-1282x2048.jpg 1282w, https:\/\/www.friedenskirche.de\/wp-content\/uploads\/2021\/12\/Ehepaar-de-Vries-scaled.jpg 1603w\" data-sizes=\"auto\" data-orig-sizes=\"(max-width: 1603px) 100vw, 1603px\" \/><\/p>\n","protected":false},"excerpt":{"rendered":"","protected":false},"author":4,"featured_media":5311,"comment_status":"open","ping_status":"open","sticky":false,"template":"","format":"standard","meta":{"footnotes":""},"categories":[63,2],"tags":[],"class_list":["post-5303","post","type-post","status-publish","format-standard","has-post-thumbnail","hentry","category-gemeindeleben","category-gottesdienste"],"_links":{"self":[{"href":"https:\/\/www.friedenskirche.de\/index.php\/wp-json\/wp\/v2\/posts\/5303","targetHints":{"allow":["GET"]}}],"collection":[{"href":"https:\/\/www.friedenskirche.de\/index.php\/wp-json\/wp\/v2\/posts"}],"about":[{"href":"https:\/\/www.friedenskirche.de\/index.php\/wp-json\/wp\/v2\/types\/post"}],"author":[{"embeddable":true,"href":"https:\/\/www.friedenskirche.de\/index.php\/wp-json\/wp\/v2\/users\/4"}],"replies":[{"embeddable":true,"href":"https:\/\/www.friedenskirche.de\/index.php\/wp-json\/wp\/v2\/comments?post=5303"}],"version-history":[{"count":2,"href":"https:\/\/www.friedenskirche.de\/index.php\/wp-json\/wp\/v2\/posts\/5303\/revisions"}],"predecessor-version":[{"id":5306,"href":"https:\/\/www.friedenskirche.de\/index.php\/wp-json\/wp\/v2\/posts\/5303\/revisions\/5306"}],"wp:featuredmedia":[{"embeddable":true,"href":"https:\/\/www.friedenskirche.de\/index.php\/wp-json\/wp\/v2\/media\/5311"}],"wp:attachment":[{"href":"https:\/\/www.friedenskirche.de\/index.php\/wp-json\/wp\/v2\/media?parent=5303"}],"wp:term":[{"taxonomy":"category","embeddable":true,"href":"https:\/\/www.friedenskirche.de\/index.php\/wp-json\/wp\/v2\/categories?post=5303"},{"taxonomy":"post_tag","embeddable":true,"href":"https:\/\/www.friedenskirche.de\/index.php\/wp-json\/wp\/v2\/tags?post=5303"}],"curies":[{"name":"wp","href":"https:\/\/api.w.org\/{rel}","templated":true}]}}