{"id":5282,"date":"2021-07-06T12:29:10","date_gmt":"2021-07-06T10:29:10","guid":{"rendered":"https:\/\/www.friedenskirche.de\/?p=5282"},"modified":"2021-07-06T12:29:10","modified_gmt":"2021-07-06T10:29:10","slug":"neuer-hauskreis-koenigstoechter","status":"publish","type":"post","link":"https:\/\/www.friedenskirche.de\/index.php\/2021\/07\/06\/neuer-hauskreis-koenigstoechter\/","title":{"rendered":"Neuer Hauskreis &#8222;K\u00f6nigst\u00f6chter&#8220;"},"content":{"rendered":"<div>Du sehnst dich nach einem Austausch \u00fcber den Glauben, deinen Alltag und alles was dir auf der Seele brennt? Du hast Lust, einen Abend im 14t\u00e4glichen Wechsel mit Frauen unterschiedlichen Alters \u2013 aber alle mitten im Leben stehend- zu verbringen?<\/div>\n<div>Dann bist du herzlich willkommen bei unserem \u201eFrauenhauskreis\u201c \u2013 besser gesagt bei den \u201eK\u00f6nigst\u00f6chtern\u201c.<\/div>\n<div>Als T\u00f6chter Gottes wissen wir, wer unsere erste Anlaufstelle ist und wer uns unseren Wert zuspricht: Niemand geringeres als Gott selbst. Und sein Urteil ist: geliebt, wertvoll, wunderbar!<\/div>\n<div><\/div>\n<div>Wir freuen uns, wenn du dabei bist.<\/div>\n<div>Wann: Immer Dienstags, 14t\u00e4glich von 20.00 -22.00<\/div>\n<div>Wo: Zur Zeit auf Grund der Coronaverordnungen in der Friedenskirche<\/div>\n<div><\/div>\n<div>Anmeldung erbeten bei Stefanie Stroscher<\/div>\n<div><\/div>\n<div><img decoding=\"async\" class=\"lazyload alignnone size-full wp-image-5283\" src=\"https:\/\/www.friedenskirche.de\/wp-content\/uploads\/2021\/07\/Ko\u0308nigsto\u0308chter-Thema.jpeg\" data-orig-src=\"https:\/\/www.friedenskirche.de\/wp-content\/uploads\/2021\/07\/Ko\u0308nigsto\u0308chter-Thema.jpeg\" alt=\"\" width=\"1080\" height=\"1080\" srcset=\"data:image\/svg+xml,%3Csvg%20xmlns%3D%27http%3A%2F%2Fwww.w3.org%2F2000%2Fsvg%27%20width%3D%271080%27%20height%3D%271080%27%20viewBox%3D%270%200%201080%201080%27%3E%3Crect%20width%3D%271080%27%20height%3D%271080%27%20fill-opacity%3D%220%22%2F%3E%3C%2Fsvg%3E\" data-srcset=\"https:\/\/www.friedenskirche.de\/wp-content\/uploads\/2021\/07\/Ko\u0308nigsto\u0308chter-Thema-66x66.jpeg 66w, https:\/\/www.friedenskirche.de\/wp-content\/uploads\/2021\/07\/Ko\u0308nigsto\u0308chter-Thema-75x75.jpeg 75w, https:\/\/www.friedenskirche.de\/wp-content\/uploads\/2021\/07\/Ko\u0308nigsto\u0308chter-Thema-150x150.jpeg 150w, https:\/\/www.friedenskirche.de\/wp-content\/uploads\/2021\/07\/Ko\u0308nigsto\u0308chter-Thema-200x200.jpeg 200w, https:\/\/www.friedenskirche.de\/wp-content\/uploads\/2021\/07\/Ko\u0308nigsto\u0308chter-Thema-300x300.jpeg 300w, https:\/\/www.friedenskirche.de\/wp-content\/uploads\/2021\/07\/Ko\u0308nigsto\u0308chter-Thema-400x400.jpeg 400w, https:\/\/www.friedenskirche.de\/wp-content\/uploads\/2021\/07\/Ko\u0308nigsto\u0308chter-Thema-600x600.jpeg 600w, https:\/\/www.friedenskirche.de\/wp-content\/uploads\/2021\/07\/Ko\u0308nigsto\u0308chter-Thema-768x768.jpeg 768w, https:\/\/www.friedenskirche.de\/wp-content\/uploads\/2021\/07\/Ko\u0308nigsto\u0308chter-Thema-800x800.jpeg 800w, https:\/\/www.friedenskirche.de\/wp-content\/uploads\/2021\/07\/Ko\u0308nigsto\u0308chter-Thema-1024x1024.jpeg 1024w, https:\/\/www.friedenskirche.de\/wp-content\/uploads\/2021\/07\/Ko\u0308nigsto\u0308chter-Thema.jpeg 1080w\" data-sizes=\"auto\" data-orig-sizes=\"(max-width: 1080px) 100vw, 1080px\" \/><\/div>\n","protected":false},"excerpt":{"rendered":"","protected":false},"author":4,"featured_media":5283,"comment_status":"open","ping_status":"open","sticky":false,"template":"","format":"standard","meta":{"footnotes":""},"categories":[63],"tags":[],"class_list":["post-5282","post","type-post","status-publish","format-standard","has-post-thumbnail","hentry","category-gemeindeleben"],"_links":{"self":[{"href":"https:\/\/www.friedenskirche.de\/index.php\/wp-json\/wp\/v2\/posts\/5282","targetHints":{"allow":["GET"]}}],"collection":[{"href":"https:\/\/www.friedenskirche.de\/index.php\/wp-json\/wp\/v2\/posts"}],"about":[{"href":"https:\/\/www.friedenskirche.de\/index.php\/wp-json\/wp\/v2\/types\/post"}],"author":[{"embeddable":true,"href":"https:\/\/www.friedenskirche.de\/index.php\/wp-json\/wp\/v2\/users\/4"}],"replies":[{"embeddable":true,"href":"https:\/\/www.friedenskirche.de\/index.php\/wp-json\/wp\/v2\/comments?post=5282"}],"version-history":[{"count":1,"href":"https:\/\/www.friedenskirche.de\/index.php\/wp-json\/wp\/v2\/posts\/5282\/revisions"}],"predecessor-version":[{"id":5284,"href":"https:\/\/www.friedenskirche.de\/index.php\/wp-json\/wp\/v2\/posts\/5282\/revisions\/5284"}],"wp:featuredmedia":[{"embeddable":true,"href":"https:\/\/www.friedenskirche.de\/index.php\/wp-json\/wp\/v2\/media\/5283"}],"wp:attachment":[{"href":"https:\/\/www.friedenskirche.de\/index.php\/wp-json\/wp\/v2\/media?parent=5282"}],"wp:term":[{"taxonomy":"category","embeddable":true,"href":"https:\/\/www.friedenskirche.de\/index.php\/wp-json\/wp\/v2\/categories?post=5282"},{"taxonomy":"post_tag","embeddable":true,"href":"https:\/\/www.friedenskirche.de\/index.php\/wp-json\/wp\/v2\/tags?post=5282"}],"curies":[{"name":"wp","href":"https:\/\/api.w.org\/{rel}","templated":true}]}}