{"id":5247,"date":"2021-03-19T20:43:31","date_gmt":"2021-03-19T19:43:31","guid":{"rendered":"https:\/\/www.friedenskirche.de\/?p=5247"},"modified":"2021-03-21T08:39:35","modified_gmt":"2021-03-21T07:39:35","slug":"osterweg-um-die-friedenskirche","status":"publish","type":"post","link":"https:\/\/www.friedenskirche.de\/index.php\/2021\/03\/19\/osterweg-um-die-friedenskirche\/","title":{"rendered":"OSTERWEG um die Friedenskirche"},"content":{"rendered":"<p class=\"s3\"><span class=\"s2\"><span class=\"bumpedFont15\">Machst du dich mit mir auf den <\/span><\/span><span class=\"s2\"><span class=\"bumpedFont15\">Osterweg<\/span><\/span><span class=\"s2\"><span class=\"bumpedFont15\">?<\/span><\/span><\/p>\n<p>&nbsp;<\/p>\n<p><span class=\"s4\"><span class=\"bumpedFont15\">Der kleine Esel Eli nimmt dich mit in eine ganz besondere Geschichte: <\/span><\/span><\/p>\n<p><span class=\"s4\"><span class=\"bumpedFont15\">Nichts weniger als die Rettung der Menschen.<\/span><\/span><\/p>\n<p>&nbsp;<\/p>\n<p><span class=\"s4\"><span class=\"bumpedFont15\">Jederzeit kannst du bei uns an der Friedenskirche vorbei kommen und unsere interaktiven Fenster <\/span><\/span><span class=\"s4\"><span class=\"bumpedFont15\">an \u00a07 Stationen entdecken.<\/span><\/span><\/p>\n<p>&nbsp;<\/p>\n<p><span class=\"s4\"><span class=\"bumpedFont15\">Wenn du ein Handy dabei hast, kannst du dir die Geschichte von Eli pers\u00f6nlich erz\u00e4hlen lassen, ansonsten kann dir auch ein ge\u00fcbter Leser die Texte vorlesen, w\u00e4hrend du schaust, ob du alle versteckten Esel in unseren Fenstern ent<\/span><\/span><span class=\"s4\"><span class=\"bumpedFont15\">deckst\u2026<\/span><\/span><\/p>\n<p>&nbsp;<\/p>\n<p style=\"text-align: left;\"><span class=\"s4\"><span class=\"bumpedFont15\">Denn das musst du n\u00e4mlich, wenn du am Ende unsere Osterschatzkiste \u00f6ffnen m\u00f6chtest.<\/span><\/span><\/p>\n<p><span class=\"s4\"><span class=\"bumpedFont15\">Es ist jede\/r willkommen, ganz egal<\/span><\/span><span class=\"s4\"><span class=\"bumpedFont15\">, ob du die Ostergeschichte zum Hundertsten oder zum ersten Mal h\u00f6rst.<\/span><\/span><\/p>\n<p><span class=\"s4\"><span class=\"bumpedFont15\">Wir w\u00fcnschen dir viel Spa\u00df dabei!<\/span><\/span><\/p>\n<p><span class=\"s4\"><span class=\"bumpedFont15\">Hinweis an die <\/span><\/span><span class=\"s4\"><span class=\"bumpedFont15\">Erwachs<\/span><\/span><span class=\"s4\"><span class=\"bumpedFont15\">enen :<\/span><\/span><span class=\"s4\"><span class=\"bumpedFont15\"> Wir m\u00f6chten Sie bitten, die notwendigen Abst\u00e4nde zueinander einzuhalten.<\/span><\/span><\/p>\n<p>&nbsp;<\/p>\n<p><span class=\"s4\"><span class=\"bumpedFont15\">Da dieser <\/span><\/span><span class=\"s4\"><span class=\"bumpedFont15\">Osterweg<\/span><\/span><span class=\"s4\"><span class=\"bumpedFont15\"> zu jeder Zeit besucht werden kann, ist dies besonders in dieser herausfordernden Corona-Zeit eine gute M\u00f6glichkeit, ihren Kindern\/ Enkeln\/ Freunden auf neue<\/span><\/span><span class=\"s4\"><span class=\"bumpedFont15\"> Art die Geschichte der Auferstehung Jesu nahe zu bringen.<\/span><\/span><\/p>\n<p><img decoding=\"async\" class=\"lazyload alignnone size-full wp-image-5249\" src=\"https:\/\/www.friedenskirche.de\/wp-content\/uploads\/2021\/03\/2ACD0449-D437-4B57-ADCB-4FDB8680DD26.jpeg\" data-orig-src=\"https:\/\/www.friedenskirche.de\/wp-content\/uploads\/2021\/03\/2ACD0449-D437-4B57-ADCB-4FDB8680DD26.jpeg\" alt=\"\" width=\"1126\" height=\"1689\" srcset=\"data:image\/svg+xml,%3Csvg%20xmlns%3D%27http%3A%2F%2Fwww.w3.org%2F2000%2Fsvg%27%20width%3D%271126%27%20height%3D%271689%27%20viewBox%3D%270%200%201126%201689%27%3E%3Crect%20width%3D%271126%27%20height%3D%271689%27%20fill-opacity%3D%220%22%2F%3E%3C%2Fsvg%3E\" data-srcset=\"https:\/\/www.friedenskirche.de\/wp-content\/uploads\/2021\/03\/2ACD0449-D437-4B57-ADCB-4FDB8680DD26-200x300.jpeg 200w, https:\/\/www.friedenskirche.de\/wp-content\/uploads\/2021\/03\/2ACD0449-D437-4B57-ADCB-4FDB8680DD26-400x600.jpeg 400w, https:\/\/www.friedenskirche.de\/wp-content\/uploads\/2021\/03\/2ACD0449-D437-4B57-ADCB-4FDB8680DD26-600x900.jpeg 600w, https:\/\/www.friedenskirche.de\/wp-content\/uploads\/2021\/03\/2ACD0449-D437-4B57-ADCB-4FDB8680DD26-683x1024.jpeg 683w, https:\/\/www.friedenskirche.de\/wp-content\/uploads\/2021\/03\/2ACD0449-D437-4B57-ADCB-4FDB8680DD26-768x1152.jpeg 768w, https:\/\/www.friedenskirche.de\/wp-content\/uploads\/2021\/03\/2ACD0449-D437-4B57-ADCB-4FDB8680DD26-800x1200.jpeg 800w, https:\/\/www.friedenskirche.de\/wp-content\/uploads\/2021\/03\/2ACD0449-D437-4B57-ADCB-4FDB8680DD26-1024x1536.jpeg 1024w, https:\/\/www.friedenskirche.de\/wp-content\/uploads\/2021\/03\/2ACD0449-D437-4B57-ADCB-4FDB8680DD26.jpeg 1126w\" data-sizes=\"auto\" data-orig-sizes=\"(max-width: 1126px) 100vw, 1126px\" \/><\/p>\n","protected":false},"excerpt":{"rendered":"","protected":false},"author":4,"featured_media":5249,"comment_status":"open","ping_status":"open","sticky":false,"template":"","format":"standard","meta":{"footnotes":""},"categories":[63],"tags":[],"class_list":["post-5247","post","type-post","status-publish","format-standard","has-post-thumbnail","hentry","category-gemeindeleben"],"_links":{"self":[{"href":"https:\/\/www.friedenskirche.de\/index.php\/wp-json\/wp\/v2\/posts\/5247","targetHints":{"allow":["GET"]}}],"collection":[{"href":"https:\/\/www.friedenskirche.de\/index.php\/wp-json\/wp\/v2\/posts"}],"about":[{"href":"https:\/\/www.friedenskirche.de\/index.php\/wp-json\/wp\/v2\/types\/post"}],"author":[{"embeddable":true,"href":"https:\/\/www.friedenskirche.de\/index.php\/wp-json\/wp\/v2\/users\/4"}],"replies":[{"embeddable":true,"href":"https:\/\/www.friedenskirche.de\/index.php\/wp-json\/wp\/v2\/comments?post=5247"}],"version-history":[{"count":6,"href":"https:\/\/www.friedenskirche.de\/index.php\/wp-json\/wp\/v2\/posts\/5247\/revisions"}],"predecessor-version":[{"id":5255,"href":"https:\/\/www.friedenskirche.de\/index.php\/wp-json\/wp\/v2\/posts\/5247\/revisions\/5255"}],"wp:featuredmedia":[{"embeddable":true,"href":"https:\/\/www.friedenskirche.de\/index.php\/wp-json\/wp\/v2\/media\/5249"}],"wp:attachment":[{"href":"https:\/\/www.friedenskirche.de\/index.php\/wp-json\/wp\/v2\/media?parent=5247"}],"wp:term":[{"taxonomy":"category","embeddable":true,"href":"https:\/\/www.friedenskirche.de\/index.php\/wp-json\/wp\/v2\/categories?post=5247"},{"taxonomy":"post_tag","embeddable":true,"href":"https:\/\/www.friedenskirche.de\/index.php\/wp-json\/wp\/v2\/tags?post=5247"}],"curies":[{"name":"wp","href":"https:\/\/api.w.org\/{rel}","templated":true}]}}